{"id":97572,"date":"2026-03-10T19:35:40","date_gmt":"2026-03-10T22:35:40","guid":{"rendered":"https:\/\/vocesparalelas.com.ar\/sitio\/?p=97572"},"modified":"2026-03-10T20:12:12","modified_gmt":"2026-03-10T23:12:12","slug":"inauguraron-la-segunda-parada-de-colectivo-climatizada-en-rivadavia-de-san-juan","status":"publish","type":"post","link":"https:\/\/vocesparalelas.com.ar\/sitio\/inauguraron-la-segunda-parada-de-colectivo-climatizada-en-rivadavia-de-san-juan\/","title":{"rendered":"Inauguraron la segunda parada de colectivo climatizada en Rivadavia de San Juan"},"content":{"rendered":"<p>El intendente de la Municipalidad de la Ciudad de Rivadavia, Sergio Miodowsky, presidi\u00f3 la inauguraci\u00f3n de la segunda parada de colectivo climatizada del departamento, una iniciativa que busca mejorar la experiencia de los usuarios del transporte p\u00fablico y brindar mayor comodidad frente a las inclemencias clim\u00e1ticas, en Rastreador Calivar y Avenida Libertador General Jos\u00e9 de San Mart\u00edn.<\/p>\n<p>Durante una rueda de prensa, el jefe comunal explic\u00f3 que el proyecto comenz\u00f3 como una prueba piloto y, tras la buena recepci\u00f3n de los vecinos, se decidi\u00f3 avanzar en distintos puntos estrat\u00e9gicos del departamento.<\/p>\n<p><iframe loading=\"lazy\" title=\"RIVADAVIA INTENDENTE SERGIO MIODOWSKY \" width=\"800\" height=\"450\" src=\"https:\/\/www.youtube.com\/embed\/gbiXj87pIn4?feature=oembed\" frameborder=\"0\" allow=\"accelerometer; autoplay; clipboard-write; encrypted-media; gyroscope; picture-in-picture; web-share\" referrerpolicy=\"strict-origin-when-cross-origin\" allowfullscreen><\/iframe><\/p>\n<p>\u201cLa verdad que estamos muy contentos porque pusimos una prueba piloto en la Plaza Madre Universal y, en base a c\u00f3mo funcionaba, \u00edbamos a seguir replic\u00e1ndolo. En este caso, esta es la segunda parada de colectivo climatizada que estamos colocando\u201d, expres\u00f3 Miodowsky.<\/p>\n<p>La nueva estaci\u00f3n cuenta con 15 metros cuadrados cubiertos, un banco de cinco metros de largo, aire acondicionado fr\u00edo-calor de 5.500 frigor\u00edas, estructura met\u00e1lica, cerramiento con vidrios de seguridad y un televisor LED de 32 pulgadas que permitir\u00e1 visualizar informaci\u00f3n municipal y datos del transporte p\u00fablico.<\/p>\n<p>\u201cEsta parada tiene todo vidriado con vidrio de seguridad, estructura met\u00e1lica y un TV LED de 32 pulgadas para que se pueda ir viendo el recorrido de los colectivos y tambi\u00e9n informaci\u00f3n municipal\u201d, detall\u00f3 el intendente.<\/p>\n<p>La instalaci\u00f3n de esta nueva parada forma parte de un plan inicial de cinco estaciones climatizadas, que se ubicar\u00e1n en sectores de alta circulaci\u00f3n de pasajeros.<\/p>\n<p>\u201cLuego de esta tenemos previsto colocar otras en las universidades y otra en la puerta del Hospital Marcial Quiroga, que completar\u00edan las cinco que ten\u00edamos previstas en una primera etapa\u201d, explic\u00f3 Miodowsky.<\/p>\n<p>El jefe comunal indic\u00f3 que la ubicaci\u00f3n de cada parada responde a un estudio previo de uso del transporte p\u00fablico.<\/p>\n<p>\u201cLos lugares se eligen en virtud de la afluencia de p\u00fablico, de usuarios del transporte p\u00fablico que hay. Esta parada es muy concurrida, al igual que la de Plaza Madre Universal, y lo mismo ocurre con las universidades y el hospital\u201d, se\u00f1al\u00f3.<\/p>\n<p>Adem\u00e1s, destac\u00f3 el cuidado que los vecinos han demostrado con la primera estaci\u00f3n instalada.<\/p>\n<p>\u201cQuiero agradecer a los vecinos y a todos los usuarios porque han cuidado la primera parada que colocamos. Esperemos que se siga con esa tesitura, porque eso hace que podamos seguir replic\u00e1ndolo en distintos puntos del departamento\u201d, afirm\u00f3.<\/p>\n<p><span style=\"color: #ff6600;\"><strong>Obras en todo el departamento<\/strong><\/span><\/p>\n<p>Durante la rueda de prensa, Miodowsky tambi\u00e9n se refiri\u00f3 al avance del plan de obras p\u00fablicas que se desarrolla actualmente en Rivadavia.<\/p>\n<p>\u201cEn este momento tenemos m\u00e1s de quince frentes de obra\u201d, sostuvo.<\/p>\n<p>En ese marco, record\u00f3 que el municipio lanz\u00f3 un plan de pavimentaci\u00f3n con recursos netamente municipales, que se suma a los programas provinciales.<\/p>\n<p>\u201cSe est\u00e1n pavimentando lugares que la gente estaba esperando hace a\u00f1os. Sabemos que todav\u00eda falta llegar a muchos m\u00e1s vecinos, pero estamos trabajando para ir saldando esa deuda hist\u00f3rica\u201d, explic\u00f3.<\/p>\n<p>Actualmente se encuentran en ejecuci\u00f3n trabajos en sectores como Barrio Conjunto 8, calle Malvinas Argentinas y la zona de Posta del \u00c1ngel, adem\u00e1s de nuevas obras previstas en el norte del departamento.<\/p>\n<p><strong><span style=\"color: #ff6600;\">M\u00e1s iluminaci\u00f3n<\/span><\/strong><\/p>\n<p>El intendente tambi\u00e9n destac\u00f3 el avance del plan de recambio y colocaci\u00f3n de luminarias LED en distintos barrios.<\/p>\n<p>\u201cEstamos llevando adelante una pol\u00edtica de recambio de luminarias, repotenciaci\u00f3n y colocaci\u00f3n en lugares donde no hab\u00eda iluminaci\u00f3n. Se trabaja permanentemente para llegar con m\u00e1s luces LED a todo el departamento\u201d, explic\u00f3.<\/p>\n<p>Y agreg\u00f3 una frase que marc\u00f3 el esp\u00edritu de su gesti\u00f3n:<\/p>\n<p>\u201cQuienes tenemos responsabilidades p\u00fablicas tenemos que tener m\u00e1s calle y menos oficina\u201d, finaliz\u00f3.<\/p>\n<p>&nbsp;<\/p>\n<p><img loading=\"lazy\" decoding=\"async\" class=\"alignnone size-full wp-image-96825\" src=\"https:\/\/vocesparalelas.com.ar\/sitio\/wp-content\/uploads\/2026\/02\/RIVADAVIA-LOO-2026.jpg\" alt=\"\" width=\"800\" height=\"498\" srcset=\"https:\/\/vocesparalelas.com.ar\/sitio\/wp-content\/uploads\/2026\/02\/RIVADAVIA-LOO-2026.jpg 800w, https:\/\/vocesparalelas.com.ar\/sitio\/wp-content\/uploads\/2026\/02\/RIVADAVIA-LOO-2026-300x187.jpg 300w, https:\/\/vocesparalelas.com.ar\/sitio\/wp-content\/uploads\/2026\/02\/RIVADAVIA-LOO-2026-768x478.jpg 768w\" sizes=\"auto, (max-width: 800px) 100vw, 800px\" \/><\/p>\n","protected":false},"excerpt":{"rendered":"<p>El intendente de la Municipalidad de la Ciudad de Rivadavia, Sergio Miodowsky, presidi\u00f3 la inauguraci\u00f3n de la segunda parada de<\/p>\n","protected":false},"author":3,"featured_media":97575,"comment_status":"closed","ping_status":"closed","sticky":false,"template":"","format":"standard","meta":{"_acf_changed":false,"_seopress_robots_primary_cat":"none","_seopress_titles_title":"","_seopress_titles_desc":"","_seopress_robots_index":"","colormag_page_container_layout":"default_layout","colormag_page_sidebar_layout":"default_layout","footnotes":""},"categories":[1,7],"tags":[],"class_list":["post-97572","post","type-post","status-publish","format-standard","has-post-thumbnail","hentry","category-destacadas","category-videos"],"acf":[],"_links":{"self":[{"href":"https:\/\/vocesparalelas.com.ar\/sitio\/wp-json\/wp\/v2\/posts\/97572","targetHints":{"allow":["GET"]}}],"collection":[{"href":"https:\/\/vocesparalelas.com.ar\/sitio\/wp-json\/wp\/v2\/posts"}],"about":[{"href":"https:\/\/vocesparalelas.com.ar\/sitio\/wp-json\/wp\/v2\/types\/post"}],"author":[{"embeddable":true,"href":"https:\/\/vocesparalelas.com.ar\/sitio\/wp-json\/wp\/v2\/users\/3"}],"replies":[{"embeddable":true,"href":"https:\/\/vocesparalelas.com.ar\/sitio\/wp-json\/wp\/v2\/comments?post=97572"}],"version-history":[{"count":3,"href":"https:\/\/vocesparalelas.com.ar\/sitio\/wp-json\/wp\/v2\/posts\/97572\/revisions"}],"predecessor-version":[{"id":97578,"href":"https:\/\/vocesparalelas.com.ar\/sitio\/wp-json\/wp\/v2\/posts\/97572\/revisions\/97578"}],"wp:featuredmedia":[{"embeddable":true,"href":"https:\/\/vocesparalelas.com.ar\/sitio\/wp-json\/wp\/v2\/media\/97575"}],"wp:attachment":[{"href":"https:\/\/vocesparalelas.com.ar\/sitio\/wp-json\/wp\/v2\/media?parent=97572"}],"wp:term":[{"taxonomy":"category","embeddable":true,"href":"https:\/\/vocesparalelas.com.ar\/sitio\/wp-json\/wp\/v2\/categories?post=97572"},{"taxonomy":"post_tag","embeddable":true,"href":"https:\/\/vocesparalelas.com.ar\/sitio\/wp-json\/wp\/v2\/tags?post=97572"}],"curies":[{"name":"wp","href":"https:\/\/api.w.org\/{rel}","templated":true}]}}