{"id":97548,"date":"2026-03-10T12:56:38","date_gmt":"2026-03-10T15:56:38","guid":{"rendered":"https:\/\/vocesparalelas.com.ar\/sitio\/?p=97548"},"modified":"2026-03-10T12:56:38","modified_gmt":"2026-03-10T15:56:38","slug":"san-juan-presente-en-la-apertura-de-argentina-week-en-nueva-york-eeuu","status":"publish","type":"post","link":"https:\/\/vocesparalelas.com.ar\/sitio\/san-juan-presente-en-la-apertura-de-argentina-week-en-nueva-york-eeuu\/","title":{"rendered":"San Juan presente en la apertura de \u00abArgentina Week\u00bb en Nueva York, EEUU"},"content":{"rendered":"<p>El gobernador de San Juan, Rep\u00fablica Argentina, Dr. Marcelo Orrego particip\u00f3 de la apertura de \u00abArgentina Week\u00bb, un evento organizado para atraer inversores del mundo y fortalecer los v\u00ednculos econ\u00f3micos con el pa\u00eds.<\/p>\n<p>La actividad fue presidida por el presidente de Argentina, Economista Javier Milei, y se desarroll\u00f3 en el auditorio principal de JPMorgan Chase, una de las principales instituciones financieras del mundo, con sede en New York City.<\/p>\n<p>Durante el acto tambi\u00e9n estuvieron presentes el ministro de Econom\u00eda, Economista Luis Caputo; la secretaria general de la Presidencia, Karina Milei y otros gobernadores que integran la comitiva oficial de la Rep\u00fablica Argentina.<\/p>\n<p>Es importante destacar que \u00abArgentina Week\u00bb re\u00fane a referentes del sector financiero, empresarios e inversores internacionales interesados en conocer las oportunidades de desarrollo y de inversi\u00f3n que ofrece el pa\u00eds en distintos sectores productivos.<\/p>\n<p>En ese marco, la participaci\u00f3n del gobernador de San Juan, Rep\u00fablica Argentina, Dr. Marcelo Orrego forma parte de la agenda institucional que desarrolla en Estados Unidos, con el objetivo de posicionar a la provincia y generar v\u00ednculos con actores clave del \u00e1mbito econ\u00f3mico y financiero internacional.<\/p>\n<p>En este contexto, el gobernador de San Juan, Rep\u00fablica Argentina, Dr. Marcelo Orrego subray\u00f3 que \u00aben el mensaje brindado por el presidente Milei durante la apertura, hizo hincapi\u00e9 en el cambio de rumbo de la Argentina y en la consolidaci\u00f3n de las reformas que han permitido estabilizar la macroeconom\u00eda del pa\u00eds, al tiempo que invit\u00f3 a los inversores a confiar y apostar por el desarrollo y las oportunidades de inversi\u00f3n en la Argentina\u00bb.<\/p>\n<p><img loading=\"lazy\" decoding=\"async\" class=\"alignnone size-full wp-image-65642\" src=\"https:\/\/vocesparalelas.com.ar\/sitio\/wp-content\/uploads\/2023\/11\/GOBIERNO-SAN-JUAN.jpg\" alt=\"\" width=\"800\" height=\"600\" srcset=\"https:\/\/vocesparalelas.com.ar\/sitio\/wp-content\/uploads\/2023\/11\/GOBIERNO-SAN-JUAN.jpg 800w, https:\/\/vocesparalelas.com.ar\/sitio\/wp-content\/uploads\/2023\/11\/GOBIERNO-SAN-JUAN-300x225.jpg 300w, https:\/\/vocesparalelas.com.ar\/sitio\/wp-content\/uploads\/2023\/11\/GOBIERNO-SAN-JUAN-768x576.jpg 768w\" sizes=\"auto, (max-width: 800px) 100vw, 800px\" \/><\/p>\n<p>&nbsp;<\/p>\n","protected":false},"excerpt":{"rendered":"<p>El gobernador de San Juan, Rep\u00fablica Argentina, Dr. Marcelo Orrego particip\u00f3 de la apertura de \u00abArgentina Week\u00bb, un evento organizado<\/p>\n","protected":false},"author":3,"featured_media":97551,"comment_status":"closed","ping_status":"closed","sticky":false,"template":"","format":"standard","meta":{"_acf_changed":false,"_seopress_robots_primary_cat":"none","_seopress_titles_title":"","_seopress_titles_desc":"","_seopress_robots_index":"","colormag_page_container_layout":"default_layout","colormag_page_sidebar_layout":"default_layout","footnotes":""},"categories":[1],"tags":[],"class_list":["post-97548","post","type-post","status-publish","format-standard","has-post-thumbnail","hentry","category-destacadas"],"acf":[],"_links":{"self":[{"href":"https:\/\/vocesparalelas.com.ar\/sitio\/wp-json\/wp\/v2\/posts\/97548","targetHints":{"allow":["GET"]}}],"collection":[{"href":"https:\/\/vocesparalelas.com.ar\/sitio\/wp-json\/wp\/v2\/posts"}],"about":[{"href":"https:\/\/vocesparalelas.com.ar\/sitio\/wp-json\/wp\/v2\/types\/post"}],"author":[{"embeddable":true,"href":"https:\/\/vocesparalelas.com.ar\/sitio\/wp-json\/wp\/v2\/users\/3"}],"replies":[{"embeddable":true,"href":"https:\/\/vocesparalelas.com.ar\/sitio\/wp-json\/wp\/v2\/comments?post=97548"}],"version-history":[{"count":1,"href":"https:\/\/vocesparalelas.com.ar\/sitio\/wp-json\/wp\/v2\/posts\/97548\/revisions"}],"predecessor-version":[{"id":97552,"href":"https:\/\/vocesparalelas.com.ar\/sitio\/wp-json\/wp\/v2\/posts\/97548\/revisions\/97552"}],"wp:featuredmedia":[{"embeddable":true,"href":"https:\/\/vocesparalelas.com.ar\/sitio\/wp-json\/wp\/v2\/media\/97551"}],"wp:attachment":[{"href":"https:\/\/vocesparalelas.com.ar\/sitio\/wp-json\/wp\/v2\/media?parent=97548"}],"wp:term":[{"taxonomy":"category","embeddable":true,"href":"https:\/\/vocesparalelas.com.ar\/sitio\/wp-json\/wp\/v2\/categories?post=97548"},{"taxonomy":"post_tag","embeddable":true,"href":"https:\/\/vocesparalelas.com.ar\/sitio\/wp-json\/wp\/v2\/tags?post=97548"}],"curies":[{"name":"wp","href":"https:\/\/api.w.org\/{rel}","templated":true}]}}