{"id":97525,"date":"2026-03-09T14:43:10","date_gmt":"2026-03-09T17:43:10","guid":{"rendered":"https:\/\/vocesparalelas.com.ar\/sitio\/?p=97525"},"modified":"2026-03-10T21:33:14","modified_gmt":"2026-03-11T00:33:14","slug":"reubicacion-de-estudiantes-secundarios-en-escuelas-de-san-juan","status":"publish","type":"post","link":"https:\/\/vocesparalelas.com.ar\/sitio\/reubicacion-de-estudiantes-secundarios-en-escuelas-de-san-juan\/","title":{"rendered":"Reubicaci\u00f3n de estudiantes secundarios en Escuelas de San Juan"},"content":{"rendered":"<p>El Ministerio de Educaci\u00f3n del\u00a0 Gobierno de San Juan informa que del 16 al 19 de Marzo se desarrolla el operativo de reubicaci\u00f3n de estudiantes de 1\u00b0 a 6\u00b0 a\u00f1o de nivel secundario, destinado a quienes necesiten vacante para el Ciclo Lectivo 2026.<\/p>\n<p>La actividad se desarrolla en el Centro de Convenciones, de 8 a 15 hs. y la atenci\u00f3n es por orden de llegada.<\/p>\n<p><strong><span style=\"color: #ff6600;\">Reubicaci\u00f3n de estudiantes de escuelas de Educaci\u00f3n Secundaria Orientada y Art\u00edstica<\/span><\/strong><\/p>\n<p><strong><span style=\"color: #ff6600;\">Cronograma por departamentos ser\u00e1 el siguiente:<\/span><\/strong><\/p>\n<ul>\n<li>16 de Marzo: Capital, Santa Luc\u00eda, Caucete y 9 de Julio.<\/li>\n<li>17 de Marzo: Rawson, Pocito, Sarmiento, 25 de Mayo y San Mart\u00edn.<\/li>\n<li>18 de Marzo: Chimbas, Rivadavia, Zonda, Angaco y Albard\u00f3n.<\/li>\n<\/ul>\n<p>En cada jornada se ofrecen las vacantes disponibles en las escuelas de los departamentos asignados, seg\u00fan el cronograma establecido.<\/p>\n<p><span style=\"color: #ff6600;\"><strong>Reubicaci\u00f3n de estudiantes provenientes de Educaci\u00f3n T\u00e9cnica y Educaci\u00f3n Privada<\/strong><\/span><\/p>\n<ul>\n<li>19 de Marzo en el Centro de Convenciones, de 8 a 15 hs.<\/li>\n<\/ul>\n<p><span style=\"color: #ff6600;\"><strong>Documentaci\u00f3n requerida<\/strong><\/span><\/p>\n<ul>\n<li>Copia del DNI actualizado del estudiante.<\/li>\n<li>DNI del padre, madre o tutor que asista al tr\u00e1mite.<\/li>\n<\/ul>\n<p><strong><span style=\"color: #ff6600;\">Para inscripci\u00f3n a 1\u00b0 a\u00f1o:<\/span><\/strong><\/p>\n<ul>\n<li>Libreta de 6\u00b0 grado.<\/li>\n<\/ul>\n<p><span style=\"color: #ff6600;\"><strong>Para inscripci\u00f3n de 2\u00b0 a 6\u00b0 a\u00f1o:<\/strong><\/span><\/p>\n<ul>\n<li>Certificado original de la \u00faltima escuela en la que curs\u00f3, donde consten las materias que adeuda.<\/li>\n<\/ul>\n<p><img loading=\"lazy\" decoding=\"async\" class=\"alignnone size-full wp-image-28629\" src=\"https:\/\/vocesparalelas.com.ar\/sitio\/wp-content\/uploads\/2020\/05\/MINISTERIO-EDUCACION-SJ.jpg\" alt=\"\" width=\"800\" height=\"533\" srcset=\"https:\/\/vocesparalelas.com.ar\/sitio\/wp-content\/uploads\/2020\/05\/MINISTERIO-EDUCACION-SJ.jpg 800w, https:\/\/vocesparalelas.com.ar\/sitio\/wp-content\/uploads\/2020\/05\/MINISTERIO-EDUCACION-SJ-300x200.jpg 300w, https:\/\/vocesparalelas.com.ar\/sitio\/wp-content\/uploads\/2020\/05\/MINISTERIO-EDUCACION-SJ-768x512.jpg 768w\" sizes=\"auto, (max-width: 800px) 100vw, 800px\" \/><img loading=\"lazy\" decoding=\"async\" class=\"alignnone size-full wp-image-28629\" src=\"https:\/\/vocesparalelas.com.ar\/sitio\/wp-content\/uploads\/2020\/05\/MINISTERIO-EDUCACION-SJ.jpg\" alt=\"\" width=\"800\" height=\"533\" srcset=\"https:\/\/vocesparalelas.com.ar\/sitio\/wp-content\/uploads\/2020\/05\/MINISTERIO-EDUCACION-SJ.jpg 800w, https:\/\/vocesparalelas.com.ar\/sitio\/wp-content\/uploads\/2020\/05\/MINISTERIO-EDUCACION-SJ-300x200.jpg 300w, https:\/\/vocesparalelas.com.ar\/sitio\/wp-content\/uploads\/2020\/05\/MINISTERIO-EDUCACION-SJ-768x512.jpg 768w\" sizes=\"auto, (max-width: 800px) 100vw, 800px\" \/><\/p>\n","protected":false},"excerpt":{"rendered":"<p>El Ministerio de Educaci\u00f3n del\u00a0 Gobierno de San Juan informa que del 16 al 19 de Marzo se desarrolla el<\/p>\n","protected":false},"author":3,"featured_media":84224,"comment_status":"closed","ping_status":"closed","sticky":false,"template":"","format":"standard","meta":{"_acf_changed":false,"_seopress_robots_primary_cat":"none","_seopress_titles_title":"","_seopress_titles_desc":"","_seopress_robots_index":"","colormag_page_container_layout":"default_layout","colormag_page_sidebar_layout":"default_layout","footnotes":""},"categories":[5],"tags":[],"class_list":["post-97525","post","type-post","status-publish","format-standard","has-post-thumbnail","hentry","category-ofrecimientos"],"acf":[],"_links":{"self":[{"href":"https:\/\/vocesparalelas.com.ar\/sitio\/wp-json\/wp\/v2\/posts\/97525","targetHints":{"allow":["GET"]}}],"collection":[{"href":"https:\/\/vocesparalelas.com.ar\/sitio\/wp-json\/wp\/v2\/posts"}],"about":[{"href":"https:\/\/vocesparalelas.com.ar\/sitio\/wp-json\/wp\/v2\/types\/post"}],"author":[{"embeddable":true,"href":"https:\/\/vocesparalelas.com.ar\/sitio\/wp-json\/wp\/v2\/users\/3"}],"replies":[{"embeddable":true,"href":"https:\/\/vocesparalelas.com.ar\/sitio\/wp-json\/wp\/v2\/comments?post=97525"}],"version-history":[{"count":3,"href":"https:\/\/vocesparalelas.com.ar\/sitio\/wp-json\/wp\/v2\/posts\/97525\/revisions"}],"predecessor-version":[{"id":97530,"href":"https:\/\/vocesparalelas.com.ar\/sitio\/wp-json\/wp\/v2\/posts\/97525\/revisions\/97530"}],"wp:featuredmedia":[{"embeddable":true,"href":"https:\/\/vocesparalelas.com.ar\/sitio\/wp-json\/wp\/v2\/media\/84224"}],"wp:attachment":[{"href":"https:\/\/vocesparalelas.com.ar\/sitio\/wp-json\/wp\/v2\/media?parent=97525"}],"wp:term":[{"taxonomy":"category","embeddable":true,"href":"https:\/\/vocesparalelas.com.ar\/sitio\/wp-json\/wp\/v2\/categories?post=97525"},{"taxonomy":"post_tag","embeddable":true,"href":"https:\/\/vocesparalelas.com.ar\/sitio\/wp-json\/wp\/v2\/tags?post=97525"}],"curies":[{"name":"wp","href":"https:\/\/api.w.org\/{rel}","templated":true}]}}