{"id":97520,"date":"2026-03-09T13:27:55","date_gmt":"2026-03-09T16:27:55","guid":{"rendered":"https:\/\/vocesparalelas.com.ar\/sitio\/?p=97520"},"modified":"2026-03-09T21:53:11","modified_gmt":"2026-03-10T00:53:11","slug":"feria-agroproductiva-en-la-plaza-seca-del-centro-civico-de-san-juan-2","status":"publish","type":"post","link":"https:\/\/vocesparalelas.com.ar\/sitio\/feria-agroproductiva-en-la-plaza-seca-del-centro-civico-de-san-juan-2\/","title":{"rendered":"Feria Agroproductiva en la Plaza Seca del Centro C\u00edvico de San Juan"},"content":{"rendered":"<p>El Mi\u00e9rcoles, 11 de Marzo, la Plaza Seca del Centro C\u00edvico es el punto de encuentro de la Feria Agroproductiva, que re\u00fane a productores y emprendedores de San Juan, de 9 a 13:30 hs.<\/p>\n<p>La propuesta incluye una amplia variedad de productos regionales, venta directa al p\u00fablico y la tradicional ruleta de premios para quienes realicen compras en diferentes puestos.<\/p>\n<p>La feria cre\u00f3 un espacio estrat\u00e9gico para promover el consumo de productos de San Juan para fortalecer el v\u00ednculo directo entre productores y consumidores y generar nuevas oportunidades para el desarrollo de la econom\u00eda regional. En cada edici\u00f3n, decenas de emprendedores encuentran en este \u00e1mbito una plataforma para visibilizar su trabajo y acercar sus elaboraciones a la comunidad.<\/p>\n<p>Durante la jornada, los visitantes tambi\u00e9n pueden participar de la tradicional ruleta de premios. Quienes acrediten haber realizado compras en tres puestos diferentes pueden acceder a esta propuesta recreativa que ofrece premios instant\u00e1neos, sumando una experiencia din\u00e1mica y participativa para quienes recorran la feria.<\/p>\n<p>La Feria Agroproductiva representa adem\u00e1s una oportunidad para acceder a productos de calidad a precios justos, promoviendo el consumo responsable y el fortalecimiento de las econom\u00edas locales.<\/p>\n<p>&nbsp;<\/p>\n<p><img loading=\"lazy\" decoding=\"async\" class=\"alignnone size-full wp-image-65642\" src=\"https:\/\/vocesparalelas.com.ar\/sitio\/wp-content\/uploads\/2023\/11\/GOBIERNO-SAN-JUAN.jpg\" alt=\"\" width=\"800\" height=\"600\" srcset=\"https:\/\/vocesparalelas.com.ar\/sitio\/wp-content\/uploads\/2023\/11\/GOBIERNO-SAN-JUAN.jpg 800w, https:\/\/vocesparalelas.com.ar\/sitio\/wp-content\/uploads\/2023\/11\/GOBIERNO-SAN-JUAN-300x225.jpg 300w, https:\/\/vocesparalelas.com.ar\/sitio\/wp-content\/uploads\/2023\/11\/GOBIERNO-SAN-JUAN-768x576.jpg 768w\" sizes=\"auto, (max-width: 800px) 100vw, 800px\" \/><\/p>\n","protected":false},"excerpt":{"rendered":"<p>El Mi\u00e9rcoles, 11 de Marzo, la Plaza Seca del Centro C\u00edvico es el punto de encuentro de la Feria Agroproductiva,<\/p>\n","protected":false},"author":3,"featured_media":89625,"comment_status":"closed","ping_status":"closed","sticky":false,"template":"","format":"standard","meta":{"_acf_changed":false,"_seopress_robots_primary_cat":"none","_seopress_titles_title":"","_seopress_titles_desc":"","_seopress_robots_index":"","colormag_page_container_layout":"default_layout","colormag_page_sidebar_layout":"default_layout","footnotes":""},"categories":[6],"tags":[],"class_list":["post-97520","post","type-post","status-publish","format-standard","has-post-thumbnail","hentry","category-eventos"],"acf":[],"_links":{"self":[{"href":"https:\/\/vocesparalelas.com.ar\/sitio\/wp-json\/wp\/v2\/posts\/97520","targetHints":{"allow":["GET"]}}],"collection":[{"href":"https:\/\/vocesparalelas.com.ar\/sitio\/wp-json\/wp\/v2\/posts"}],"about":[{"href":"https:\/\/vocesparalelas.com.ar\/sitio\/wp-json\/wp\/v2\/types\/post"}],"author":[{"embeddable":true,"href":"https:\/\/vocesparalelas.com.ar\/sitio\/wp-json\/wp\/v2\/users\/3"}],"replies":[{"embeddable":true,"href":"https:\/\/vocesparalelas.com.ar\/sitio\/wp-json\/wp\/v2\/comments?post=97520"}],"version-history":[{"count":1,"href":"https:\/\/vocesparalelas.com.ar\/sitio\/wp-json\/wp\/v2\/posts\/97520\/revisions"}],"predecessor-version":[{"id":97523,"href":"https:\/\/vocesparalelas.com.ar\/sitio\/wp-json\/wp\/v2\/posts\/97520\/revisions\/97523"}],"wp:featuredmedia":[{"embeddable":true,"href":"https:\/\/vocesparalelas.com.ar\/sitio\/wp-json\/wp\/v2\/media\/89625"}],"wp:attachment":[{"href":"https:\/\/vocesparalelas.com.ar\/sitio\/wp-json\/wp\/v2\/media?parent=97520"}],"wp:term":[{"taxonomy":"category","embeddable":true,"href":"https:\/\/vocesparalelas.com.ar\/sitio\/wp-json\/wp\/v2\/categories?post=97520"},{"taxonomy":"post_tag","embeddable":true,"href":"https:\/\/vocesparalelas.com.ar\/sitio\/wp-json\/wp\/v2\/tags?post=97520"}],"curies":[{"name":"wp","href":"https:\/\/api.w.org\/{rel}","templated":true}]}}