{"id":97514,"date":"2026-03-09T13:09:39","date_gmt":"2026-03-09T16:09:39","guid":{"rendered":"https:\/\/vocesparalelas.com.ar\/sitio\/?p=97514"},"modified":"2026-03-10T20:19:23","modified_gmt":"2026-03-10T23:19:23","slug":"corte-de-media-calzada-en-libertador-y-espana-por-repavimentacion-en-san-juan","status":"publish","type":"post","link":"https:\/\/vocesparalelas.com.ar\/sitio\/corte-de-media-calzada-en-libertador-y-espana-por-repavimentacion-en-san-juan\/","title":{"rendered":"Corte de media calzada en Libertador y Espa\u00f1a por repavimentaci\u00f3n en San Juan"},"content":{"rendered":"<p>En el marco del Plan Urbano de Pavimentaci\u00f3n y Repavimentaci\u00f3n de la Red Vial Municipal, en la 1.\u00aa Etapa Capital, avanzan los trabajos de repavimentaci\u00f3n en Avenida Espa\u00f1a, en el tramo comprendido entre Maip\u00fa y Avenida Libertador para lograr la intervenci\u00f3n en su totalidad.<\/p>\n<p>Actualmente, y debido al avance de las tareas, se implement\u00f3 un corte de media calzada en la intersecci\u00f3n de Avenida Libertador General San Mart\u00edn y Espa\u00f1a, donde se trabaja con equipos y maquinaria en el marco de la obra. El sector cuenta con se\u00f1alizaci\u00f3n preventiva y ordenamiento del tr\u00e1nsito, por lo que se recomienda circular con precauci\u00f3n y respetar las indicaciones viales.<\/p>\n<p>Asimismo, se mantiene el desv\u00edo de tr\u00e1nsito en el tramo de Espa\u00f1a entre calle San Luis y avenida Libertador, debido a la presencia de equipos en la zona de obra.<\/p>\n<p>Las tareas en ejecuci\u00f3n incluyen la demolici\u00f3n de las losas de hormig\u00f3n existentes, el relleno con material de base, la imprimaci\u00f3n de los pa\u00f1os, y la limpieza y sellado de juntas, grietas y fisuras. Posteriormente, se colocar\u00e1 un carpet\u00edn asf\u00e1ltico, tras lo cual el sector quedar\u00e1 habilitado al tr\u00e1nsito, para luego completar la intervenci\u00f3n con la colocaci\u00f3n de la carpeta asf\u00e1ltica final.<\/p>\n<p>Estas obras permitir\u00e1n mejorar la transitabilidad, la seguridad vial y el estado general de la calzada en uno de los corredores urbanos m\u00e1s utilizados de la ciudad.<\/p>\n<p><img loading=\"lazy\" decoding=\"async\" class=\"alignnone size-full wp-image-97518\" src=\"https:\/\/vocesparalelas.com.ar\/sitio\/wp-content\/uploads\/2026\/03\/REPAVIMENTACION-LIBERTADOR-02.jpg\" alt=\"\" width=\"800\" height=\"450\" srcset=\"https:\/\/vocesparalelas.com.ar\/sitio\/wp-content\/uploads\/2026\/03\/REPAVIMENTACION-LIBERTADOR-02.jpg 800w, https:\/\/vocesparalelas.com.ar\/sitio\/wp-content\/uploads\/2026\/03\/REPAVIMENTACION-LIBERTADOR-02-300x169.jpg 300w, https:\/\/vocesparalelas.com.ar\/sitio\/wp-content\/uploads\/2026\/03\/REPAVIMENTACION-LIBERTADOR-02-768x432.jpg 768w\" sizes=\"auto, (max-width: 800px) 100vw, 800px\" \/><\/p>\n<p>&nbsp;<\/p>\n","protected":false},"excerpt":{"rendered":"<p>En el marco del Plan Urbano de Pavimentaci\u00f3n y Repavimentaci\u00f3n de la Red Vial Municipal, en la 1.\u00aa Etapa Capital,<\/p>\n","protected":false},"author":3,"featured_media":97517,"comment_status":"closed","ping_status":"closed","sticky":false,"template":"","format":"standard","meta":{"_acf_changed":false,"_seopress_robots_primary_cat":"none","_seopress_titles_title":"","_seopress_titles_desc":"","_seopress_robots_index":"","colormag_page_container_layout":"default_layout","colormag_page_sidebar_layout":"default_layout","footnotes":""},"categories":[6],"tags":[],"class_list":["post-97514","post","type-post","status-publish","format-standard","has-post-thumbnail","hentry","category-eventos"],"acf":[],"_links":{"self":[{"href":"https:\/\/vocesparalelas.com.ar\/sitio\/wp-json\/wp\/v2\/posts\/97514","targetHints":{"allow":["GET"]}}],"collection":[{"href":"https:\/\/vocesparalelas.com.ar\/sitio\/wp-json\/wp\/v2\/posts"}],"about":[{"href":"https:\/\/vocesparalelas.com.ar\/sitio\/wp-json\/wp\/v2\/types\/post"}],"author":[{"embeddable":true,"href":"https:\/\/vocesparalelas.com.ar\/sitio\/wp-json\/wp\/v2\/users\/3"}],"replies":[{"embeddable":true,"href":"https:\/\/vocesparalelas.com.ar\/sitio\/wp-json\/wp\/v2\/comments?post=97514"}],"version-history":[{"count":1,"href":"https:\/\/vocesparalelas.com.ar\/sitio\/wp-json\/wp\/v2\/posts\/97514\/revisions"}],"predecessor-version":[{"id":97519,"href":"https:\/\/vocesparalelas.com.ar\/sitio\/wp-json\/wp\/v2\/posts\/97514\/revisions\/97519"}],"wp:featuredmedia":[{"embeddable":true,"href":"https:\/\/vocesparalelas.com.ar\/sitio\/wp-json\/wp\/v2\/media\/97517"}],"wp:attachment":[{"href":"https:\/\/vocesparalelas.com.ar\/sitio\/wp-json\/wp\/v2\/media?parent=97514"}],"wp:term":[{"taxonomy":"category","embeddable":true,"href":"https:\/\/vocesparalelas.com.ar\/sitio\/wp-json\/wp\/v2\/categories?post=97514"},{"taxonomy":"post_tag","embeddable":true,"href":"https:\/\/vocesparalelas.com.ar\/sitio\/wp-json\/wp\/v2\/tags?post=97514"}],"curies":[{"name":"wp","href":"https:\/\/api.w.org\/{rel}","templated":true}]}}