{"id":97495,"date":"2026-03-09T08:39:28","date_gmt":"2026-03-09T11:39:28","guid":{"rendered":"https:\/\/vocesparalelas.com.ar\/sitio\/?p=97495"},"modified":"2026-03-10T20:14:08","modified_gmt":"2026-03-10T23:14:08","slug":"el-futuro-de-las-pymes-de-damian-di-pace-en-san-juan","status":"publish","type":"post","link":"https:\/\/vocesparalelas.com.ar\/sitio\/el-futuro-de-las-pymes-de-damian-di-pace-en-san-juan\/","title":{"rendered":"\u00abEl Futuro de las Pymes\u00bb de Dami\u00e1n Di Pace en San Juan"},"content":{"rendered":"<p>El Martes 10 de Marzo, 17 hs.; en el Consejo Profesional de Ciencias Econ\u00f3micas de San Juan, se presenta el libro: \u00abEl Futuro de las Pymes\u00bb, del reconocido Analista y Economista Dami\u00e1n Di Pace.<\/p>\n<p>Adem\u00e1s, brinda una conferencia abarcando temas de diferentes sectores econ\u00f3micos, industriales, comerciales y el futuro de la miner\u00eda.<\/p>\n<p><span style=\"color: #ff6600;\"><strong>Prorama<\/strong><\/span><\/p>\n<ul>\n<li>17 hs,; presentaci\u00f3n de expositores y coffee, en el Consejo Profesional de Ciencias Econ\u00f3micas de San Juan.<\/li>\n<li>18 hs (puntual) se da inicio a la conferencia.<\/li>\n<\/ul>\n<p>Los interesados deben comunicarse\u00a0al 2644849770<\/p>\n<p><img loading=\"lazy\" decoding=\"async\" class=\"alignnone size-large wp-image-21161\" src=\"https:\/\/vocesparalelas.com.ar\/sitio\/wp-content\/uploads\/2019\/05\/sol-Pimientos-del-Programa-800x600.jpg\" alt=\"\" width=\"800\" height=\"600\" srcset=\"https:\/\/vocesparalelas.com.ar\/sitio\/wp-content\/uploads\/2019\/05\/sol-Pimientos-del-Programa-800x600.jpg 800w, https:\/\/vocesparalelas.com.ar\/sitio\/wp-content\/uploads\/2019\/05\/sol-Pimientos-del-Programa-300x225.jpg 300w, https:\/\/vocesparalelas.com.ar\/sitio\/wp-content\/uploads\/2019\/05\/sol-Pimientos-del-Programa-768x576.jpg 768w, https:\/\/vocesparalelas.com.ar\/sitio\/wp-content\/uploads\/2019\/05\/sol-Pimientos-del-Programa.jpg 1024w\" sizes=\"auto, (max-width: 800px) 100vw, 800px\" \/><\/p>\n","protected":false},"excerpt":{"rendered":"<p>El Martes 10 de Marzo, 17 hs.; en el Consejo Profesional de Ciencias Econ\u00f3micas de San Juan, se presenta el<\/p>\n","protected":false},"author":3,"featured_media":97498,"comment_status":"closed","ping_status":"closed","sticky":false,"template":"","format":"standard","meta":{"_acf_changed":false,"_seopress_robots_primary_cat":"none","_seopress_titles_title":"","_seopress_titles_desc":"","_seopress_robots_index":"","colormag_page_container_layout":"default_layout","colormag_page_sidebar_layout":"default_layout","footnotes":""},"categories":[20],"tags":[],"class_list":["post-97495","post","type-post","status-publish","format-standard","has-post-thumbnail","hentry","category-cartelera"],"acf":[],"_links":{"self":[{"href":"https:\/\/vocesparalelas.com.ar\/sitio\/wp-json\/wp\/v2\/posts\/97495","targetHints":{"allow":["GET"]}}],"collection":[{"href":"https:\/\/vocesparalelas.com.ar\/sitio\/wp-json\/wp\/v2\/posts"}],"about":[{"href":"https:\/\/vocesparalelas.com.ar\/sitio\/wp-json\/wp\/v2\/types\/post"}],"author":[{"embeddable":true,"href":"https:\/\/vocesparalelas.com.ar\/sitio\/wp-json\/wp\/v2\/users\/3"}],"replies":[{"embeddable":true,"href":"https:\/\/vocesparalelas.com.ar\/sitio\/wp-json\/wp\/v2\/comments?post=97495"}],"version-history":[{"count":3,"href":"https:\/\/vocesparalelas.com.ar\/sitio\/wp-json\/wp\/v2\/posts\/97495\/revisions"}],"predecessor-version":[{"id":97501,"href":"https:\/\/vocesparalelas.com.ar\/sitio\/wp-json\/wp\/v2\/posts\/97495\/revisions\/97501"}],"wp:featuredmedia":[{"embeddable":true,"href":"https:\/\/vocesparalelas.com.ar\/sitio\/wp-json\/wp\/v2\/media\/97498"}],"wp:attachment":[{"href":"https:\/\/vocesparalelas.com.ar\/sitio\/wp-json\/wp\/v2\/media?parent=97495"}],"wp:term":[{"taxonomy":"category","embeddable":true,"href":"https:\/\/vocesparalelas.com.ar\/sitio\/wp-json\/wp\/v2\/categories?post=97495"},{"taxonomy":"post_tag","embeddable":true,"href":"https:\/\/vocesparalelas.com.ar\/sitio\/wp-json\/wp\/v2\/tags?post=97495"}],"curies":[{"name":"wp","href":"https:\/\/api.w.org\/{rel}","templated":true}]}}