{"id":97491,"date":"2026-03-09T08:05:44","date_gmt":"2026-03-09T11:05:44","guid":{"rendered":"https:\/\/vocesparalelas.com.ar\/sitio\/?p=97491"},"modified":"2026-03-10T20:14:46","modified_gmt":"2026-03-10T23:14:46","slug":"talleres-en-el-chalet-cantoni-de-san-juan-2","status":"publish","type":"post","link":"https:\/\/vocesparalelas.com.ar\/sitio\/talleres-en-el-chalet-cantoni-de-san-juan-2\/","title":{"rendered":"Talleres en el Chalet Cantoni de San Juan"},"content":{"rendered":"<p>El Chalet Cantoni Casa Cultural inicia una serie de talleres creativos destinados a personas mayores de 18 a\u00f1os. Las actividades, de modalidad presencial y con cupos limitados, buscan fomentar la expresi\u00f3n art\u00edstica, el desarrollo de habilidades manuales y el esp\u00edritu emprendedor.<\/p>\n<ul>\n<li><span style=\"color: #ff6600;\"><strong>Taller de Tejido a Crochet<\/strong>,<\/span> 9 y 11 de marzode 10 a 12 horas. Estar\u00e1 a cargo de la artesana Marisa Raboy y tiene un arancel de $25.000. Las inscripciones se realizan al 2644673860. La propuesta est\u00e1 orientada a personas mayores de 18 a\u00f1os sin experiencia previa y cuenta con un cupo limitado a diez participantes. A trav\u00e9s de una metodolog\u00eda pr\u00e1ctica y personalizada, se abordar\u00e1n nociones b\u00e1sicas del crochet hasta la confecci\u00f3n de piezas m\u00e1s complejas como art\u00edculos para el hogar, prendas y accesorios. El objetivo es fortalecer la creatividad, la autonom\u00eda y la confianza en el trabajo artesanal como posible salida laboral.<\/li>\n<\/ul>\n<ul>\n<li><span style=\"color: #ff6600;\"><strong>Taller de Macram\u00e9 \u2013 Funda Almohad\u00f3n,<\/strong>.<\/span> Martes 10 de marzo, a las 17 horas El taller es arancelado y con inscripci\u00f3n previa al 264-6605368, est\u00e1 dirigida a mayores de 18 a\u00f1os, con o sin experiencia. Durante el encuentro se trabajar\u00e1n los nudos b\u00e1sicos del macram\u00e9 y su aplicaci\u00f3n en el dise\u00f1o y confecci\u00f3n de una funda de almohad\u00f3n. La metodolog\u00eda ser\u00e1 pr\u00e1ctica y guiada, permitiendo que cada participante finalice la jornada con su pieza terminada. Adem\u00e1s de estimular la creatividad, el taller promueve la concentraci\u00f3n, la motricidad fina y brinda herramientas que pueden convertirse en una posible salida laboral.<\/li>\n<li><span style=\"color: #ff6600;\"><strong>Taller de Velas de Soja<\/strong>,\u00a0<\/span> Martes 11 de marzo, de 18 a 20:30 horas,bajo modalidad presencial y arancelada. La propuesta propone introducir a los asistentes en la elaboraci\u00f3n artesanal de velas de soja. Se trabajar\u00e1 el proceso completo de producci\u00f3n, incluyendo la selecci\u00f3n de fragancias, t\u00e9cnicas de decoraci\u00f3n y uso de recipientes. La actividad incluye todos los materiales necesarios y cada participante podr\u00e1 llevarse su vela terminada.<\/li>\n<\/ul>\n<p>Desde el Chalet Cantoni destacaron que todas las actividades cuentan con cupos limitados, por lo que recomiendan realizar la inscripci\u00f3n con anticipaci\u00f3n.<\/p>\n<figure id=\"attachment_77863\" aria-describedby=\"caption-attachment-77863\" style=\"width: 800px\" class=\"wp-caption alignnone\"><img loading=\"lazy\" decoding=\"async\" class=\"size-full wp-image-77863\" src=\"https:\/\/vocesparalelas.com.ar\/sitio\/wp-content\/uploads\/2024\/10\/CHALET-CANTONI-NUEVO.jpg\" alt=\"\" width=\"800\" height=\"533\" srcset=\"https:\/\/vocesparalelas.com.ar\/sitio\/wp-content\/uploads\/2024\/10\/CHALET-CANTONI-NUEVO.jpg 800w, https:\/\/vocesparalelas.com.ar\/sitio\/wp-content\/uploads\/2024\/10\/CHALET-CANTONI-NUEVO-300x200.jpg 300w, https:\/\/vocesparalelas.com.ar\/sitio\/wp-content\/uploads\/2024\/10\/CHALET-CANTONI-NUEVO-768x512.jpg 768w\" sizes=\"auto, (max-width: 800px) 100vw, 800px\" \/><figcaption id=\"caption-attachment-77863\" class=\"wp-caption-text\">Chalet Cantoni, Departamento Rivadavia, Provincia San Juan, Rep\u00fablica Argentita<\/figcaption><\/figure>\n","protected":false},"excerpt":{"rendered":"<p>El Chalet Cantoni Casa Cultural inicia una serie de talleres creativos destinados a personas mayores de 18 a\u00f1os. Las actividades,<\/p>\n","protected":false},"author":3,"featured_media":54381,"comment_status":"closed","ping_status":"closed","sticky":false,"template":"","format":"standard","meta":{"_acf_changed":false,"_seopress_robots_primary_cat":"none","_seopress_titles_title":"","_seopress_titles_desc":"","_seopress_robots_index":"","colormag_page_container_layout":"default_layout","colormag_page_sidebar_layout":"default_layout","footnotes":""},"categories":[9],"tags":[],"class_list":["post-97491","post","type-post","status-publish","format-standard","has-post-thumbnail","hentry","category-cursos"],"acf":[],"_links":{"self":[{"href":"https:\/\/vocesparalelas.com.ar\/sitio\/wp-json\/wp\/v2\/posts\/97491","targetHints":{"allow":["GET"]}}],"collection":[{"href":"https:\/\/vocesparalelas.com.ar\/sitio\/wp-json\/wp\/v2\/posts"}],"about":[{"href":"https:\/\/vocesparalelas.com.ar\/sitio\/wp-json\/wp\/v2\/types\/post"}],"author":[{"embeddable":true,"href":"https:\/\/vocesparalelas.com.ar\/sitio\/wp-json\/wp\/v2\/users\/3"}],"replies":[{"embeddable":true,"href":"https:\/\/vocesparalelas.com.ar\/sitio\/wp-json\/wp\/v2\/comments?post=97491"}],"version-history":[{"count":1,"href":"https:\/\/vocesparalelas.com.ar\/sitio\/wp-json\/wp\/v2\/posts\/97491\/revisions"}],"predecessor-version":[{"id":97494,"href":"https:\/\/vocesparalelas.com.ar\/sitio\/wp-json\/wp\/v2\/posts\/97491\/revisions\/97494"}],"wp:featuredmedia":[{"embeddable":true,"href":"https:\/\/vocesparalelas.com.ar\/sitio\/wp-json\/wp\/v2\/media\/54381"}],"wp:attachment":[{"href":"https:\/\/vocesparalelas.com.ar\/sitio\/wp-json\/wp\/v2\/media?parent=97491"}],"wp:term":[{"taxonomy":"category","embeddable":true,"href":"https:\/\/vocesparalelas.com.ar\/sitio\/wp-json\/wp\/v2\/categories?post=97491"},{"taxonomy":"post_tag","embeddable":true,"href":"https:\/\/vocesparalelas.com.ar\/sitio\/wp-json\/wp\/v2\/tags?post=97491"}],"curies":[{"name":"wp","href":"https:\/\/api.w.org\/{rel}","templated":true}]}}