{"id":97466,"date":"2026-03-06T21:22:46","date_gmt":"2026-03-07T00:22:46","guid":{"rendered":"https:\/\/vocesparalelas.com.ar\/sitio\/?p=97466"},"modified":"2026-03-09T14:31:36","modified_gmt":"2026-03-09T17:31:36","slug":"jornada-de-planificacion-estrategica-para-la-secundaria-de-san-juan","status":"publish","type":"post","link":"https:\/\/vocesparalelas.com.ar\/sitio\/jornada-de-planificacion-estrategica-para-la-secundaria-de-san-juan\/","title":{"rendered":"Jornada de planificaci\u00f3n estrat\u00e9gica para la Secundaria de San Juan"},"content":{"rendered":"<p>En el marco del inicio del Ciclo Lectivo 2026, el Ministerio de Educaci\u00f3n del Gobierno de San Juan, desarroll\u00f3 la Jornada de planificaci\u00f3n estrat\u00e9gica destinada a docentes y equipos directivos de escuelas secundarias de la provincia, con el objetivo de optimizar la gesti\u00f3n institucional y proyectar acciones orientadas a la mejora continua del sistema educativo.<\/p>\n<p>Durante la jornada se abordaron distintos ejes vinculados a la gesti\u00f3n educativa, entre ellos el desarrollo del liderazgo pedag\u00f3gico de los equipos directivos, el an\u00e1lisis de indicadores escolares y la implementaci\u00f3n de estrategias para optimizar los aprendizajes, especialmente en Lengua y Matem\u00e1tica.<\/p>\n<p>Asimismo, se promovi\u00f3 el dise\u00f1o de propuestas orientadas a impulsar la innovaci\u00f3n pedag\u00f3gica en las escuelas secundarias y a mejorar el clima institucional, entendiendo que estos factores son fundamentales para acompa\u00f1ar las trayectorias educativas de los estudiantes.<\/p>\n<p>En el caso de las instituciones que forman parte del programa Transformar la Secundaria, el trabajo tambi\u00e9n incluy\u00f3 el abordaje de los cinco objetivos estrat\u00e9gicos del programa, orientados a mejorar las pr\u00e1cticas pedag\u00f3gicas y consolidar procesos de mejora en el nivel.<\/p>\n<p>En este contexto, la ministra de Educaci\u00f3n, Lic. Silvia Fuentes, destac\u00f3 que \u00abla importancia de generar estos espacios de trabajo al inicio del a\u00f1o escolar. Planificar en equipo y con una mirada estrat\u00e9gica nos permite mejorar el funcionamiento de las escuelas y acompa\u00f1ar mejor a nuestros estudiantes. Cada decisi\u00f3n que se toma en las instituciones educativas tiene impacto directo en las trayectorias de los chicos\u201d.<\/p>\n<p><span style=\"color: #ff6600;\"><strong>Objetivos de la jornada<\/strong><\/span><\/p>\n<ul>\n<li>Comunicar el diagn\u00f3stico institucional 2025 y las metas de los indicadores de eficiencia interna para el 2026 (en el caso de aquellas escuelas que ya lo elaboraron).<\/li>\n<li>Identificar experiencias pedag\u00f3gicas significativas a sistematizar, con el fin de darles continuidad y fortalecer la innovaci\u00f3n institucional.<\/li>\n<li>Potenciar la planificaci\u00f3n del trabajo interdisciplinario (integrando a las \u00e1reas de Arte y Educaci\u00f3n F\u00edsica).<\/li>\n<li>Poner en com\u00fan criterios y estrategias de acompa\u00f1amiento para la profundizaci\u00f3n y nivelaci\u00f3n de saberes.<\/li>\n<li>Acordar con los equipos de Lengua y Matem\u00e1tica pautas de trabajo y metas 2026.<\/li>\n<li>Conformar una Comunidad de Aprendizaje para la mejora continua.<\/li>\n<\/ul>\n<p><img loading=\"lazy\" decoding=\"async\" class=\"alignnone size-full wp-image-28629\" src=\"https:\/\/vocesparalelas.com.ar\/sitio\/wp-content\/uploads\/2020\/05\/MINISTERIO-EDUCACION-SJ.jpg\" alt=\"\" width=\"800\" height=\"533\" srcset=\"https:\/\/vocesparalelas.com.ar\/sitio\/wp-content\/uploads\/2020\/05\/MINISTERIO-EDUCACION-SJ.jpg 800w, https:\/\/vocesparalelas.com.ar\/sitio\/wp-content\/uploads\/2020\/05\/MINISTERIO-EDUCACION-SJ-300x200.jpg 300w, https:\/\/vocesparalelas.com.ar\/sitio\/wp-content\/uploads\/2020\/05\/MINISTERIO-EDUCACION-SJ-768x512.jpg 768w\" sizes=\"auto, (max-width: 800px) 100vw, 800px\" \/><\/p>\n","protected":false},"excerpt":{"rendered":"<p>En el marco del inicio del Ciclo Lectivo 2026, el Ministerio de Educaci\u00f3n del Gobierno de San Juan, desarroll\u00f3 la<\/p>\n","protected":false},"author":3,"featured_media":97469,"comment_status":"closed","ping_status":"closed","sticky":false,"template":"","format":"standard","meta":{"_acf_changed":false,"_seopress_robots_primary_cat":"none","_seopress_titles_title":"","_seopress_titles_desc":"","_seopress_robots_index":"","colormag_page_container_layout":"default_layout","colormag_page_sidebar_layout":"default_layout","footnotes":""},"categories":[5],"tags":[],"class_list":["post-97466","post","type-post","status-publish","format-standard","has-post-thumbnail","hentry","category-ofrecimientos"],"acf":[],"_links":{"self":[{"href":"https:\/\/vocesparalelas.com.ar\/sitio\/wp-json\/wp\/v2\/posts\/97466","targetHints":{"allow":["GET"]}}],"collection":[{"href":"https:\/\/vocesparalelas.com.ar\/sitio\/wp-json\/wp\/v2\/posts"}],"about":[{"href":"https:\/\/vocesparalelas.com.ar\/sitio\/wp-json\/wp\/v2\/types\/post"}],"author":[{"embeddable":true,"href":"https:\/\/vocesparalelas.com.ar\/sitio\/wp-json\/wp\/v2\/users\/3"}],"replies":[{"embeddable":true,"href":"https:\/\/vocesparalelas.com.ar\/sitio\/wp-json\/wp\/v2\/comments?post=97466"}],"version-history":[{"count":1,"href":"https:\/\/vocesparalelas.com.ar\/sitio\/wp-json\/wp\/v2\/posts\/97466\/revisions"}],"predecessor-version":[{"id":97470,"href":"https:\/\/vocesparalelas.com.ar\/sitio\/wp-json\/wp\/v2\/posts\/97466\/revisions\/97470"}],"wp:featuredmedia":[{"embeddable":true,"href":"https:\/\/vocesparalelas.com.ar\/sitio\/wp-json\/wp\/v2\/media\/97469"}],"wp:attachment":[{"href":"https:\/\/vocesparalelas.com.ar\/sitio\/wp-json\/wp\/v2\/media?parent=97466"}],"wp:term":[{"taxonomy":"category","embeddable":true,"href":"https:\/\/vocesparalelas.com.ar\/sitio\/wp-json\/wp\/v2\/categories?post=97466"},{"taxonomy":"post_tag","embeddable":true,"href":"https:\/\/vocesparalelas.com.ar\/sitio\/wp-json\/wp\/v2\/tags?post=97466"}],"curies":[{"name":"wp","href":"https:\/\/api.w.org\/{rel}","templated":true}]}}