{"id":97462,"date":"2026-03-06T21:04:28","date_gmt":"2026-03-07T00:04:28","guid":{"rendered":"https:\/\/vocesparalelas.com.ar\/sitio\/?p=97462"},"modified":"2026-03-09T21:24:04","modified_gmt":"2026-03-10T00:24:04","slug":"asesoramiento-sobre-becas-progresar-2026-en-san-juan","status":"publish","type":"post","link":"https:\/\/vocesparalelas.com.ar\/sitio\/asesoramiento-sobre-becas-progresar-2026-en-san-juan\/","title":{"rendered":"Asesoramiento sobre Becas Progresar 2026 en San Juan"},"content":{"rendered":"<p>El Ministerio de Educaci\u00f3n \u00a0del\u00a0 Gobierno de San Juan informa a la comunidad que brinda informaci\u00f3n y asesoramiento sobre las Becas Progresar 2026, con el objetivo de acompa\u00f1ar a j\u00f3venes y familias en la previa del proceso de inscripci\u00f3n a este beneficio, que depende del Ministerio de Capital Humano.<\/p>\n<p><img loading=\"lazy\" decoding=\"async\" class=\"alignnone size-full wp-image-35746\" src=\"https:\/\/vocesparalelas.com.ar\/sitio\/wp-content\/uploads\/2021\/03\/becas-progresar.jpg\" alt=\"\" width=\"800\" height=\"456\" srcset=\"https:\/\/vocesparalelas.com.ar\/sitio\/wp-content\/uploads\/2021\/03\/becas-progresar.jpg 800w, https:\/\/vocesparalelas.com.ar\/sitio\/wp-content\/uploads\/2021\/03\/becas-progresar-300x171.jpg 300w, https:\/\/vocesparalelas.com.ar\/sitio\/wp-content\/uploads\/2021\/03\/becas-progresar-768x438.jpg 768w\" sizes=\"auto, (max-width: 800px) 100vw, 800px\" \/><\/p>\n<p>Personal capacitado ofrece orientaci\u00f3n sobre los requisitos de cada l\u00ednea del programa y, especialmente, explica paso a paso c\u00f3mo deber\u00e1 realizarse el registro una vez que el Ministerio de Capital Humano anuncie las fechas de inscripci\u00f3n.<\/p>\n<p>La atenci\u00f3n se brinda de Lunes a Viernes<\/p>\n<p><span style=\"color: #ff6600;\"><strong>Centro C\u00edvico &#8211; Isla Norte, Planta Baja<\/strong><\/span><\/p>\n<p>Turno ma\u00f1ana, de 8,30 a 13,30: Progresar Obligatorio y consultas vinculadas al Certificado \u00danico de Discapacidad (CUD).<\/p>\n<p>Turno tarde, de 13,30 a 18,00: todas las l\u00edneas Progresar y CUD.<\/p>\n<p><span style=\"color: #ff6600;\"><strong>Edificio del Ministerio de Educaci\u00f3n de Las Heras y Alberdi\u00a0<\/strong><\/span><\/p>\n<p>Horario de atenci\u00f3n: de 8,30 a 13,30 &#8211; Progresar Trabajo, Progresar Superior y Enfermer\u00eda.<\/p>\n<p>Durante la atenci\u00f3n, los interesados pueden evacuar dudas, realizar consultas, presentar reclamos y recibir acompa\u00f1amiento personalizado para poder completar correctamente el registro digital cuando se habilite la inscripci\u00f3n. Es que este tr\u00e1mite es online, personal y sin costo alguno, por lo que el Ministerio de Educaci\u00f3n recuerda que no requiere intermediarios ni gestores.<\/p>\n<p>A su vez, por dudas o reclamos tambi\u00e9n est\u00e1 disponible el correo\u00a0<span id=\"cloaka9050d7b28fc96f4b7459e6058b23b1b\"><a href=\"mailto:mesaayudaprogresar@educacion.gob.ar\">mesaayudaprogresar@educacion.gob.ar<\/a><\/span>.<\/p>\n<p>El Programa Becas Progresar brinda apoyo econ\u00f3mico a j\u00f3venes para iniciar, continuar o finalizar sus estudios y cuenta con diferentes l\u00edneas:<\/p>\n<ul>\n<li>Progresar Obligatorio: destinado a estudiantes que cursan la educaci\u00f3n primaria y secundaria.<\/li>\n<li>Progresar Superior: dirigido a quienes cursan carreras terciarias, universitarias y Enfermer\u00eda.<\/li>\n<li>Progresar Trabajo: orientado a personas que realizan cursos de formaci\u00f3n profesional y capacitaci\u00f3n laboral.<\/li>\n<\/ul>\n<p>&nbsp;<\/p>\n<p><img loading=\"lazy\" decoding=\"async\" class=\"alignnone size-full wp-image-28629\" src=\"https:\/\/vocesparalelas.com.ar\/sitio\/wp-content\/uploads\/2020\/05\/MINISTERIO-EDUCACION-SJ.jpg\" alt=\"\" width=\"800\" height=\"533\" srcset=\"https:\/\/vocesparalelas.com.ar\/sitio\/wp-content\/uploads\/2020\/05\/MINISTERIO-EDUCACION-SJ.jpg 800w, https:\/\/vocesparalelas.com.ar\/sitio\/wp-content\/uploads\/2020\/05\/MINISTERIO-EDUCACION-SJ-300x200.jpg 300w, https:\/\/vocesparalelas.com.ar\/sitio\/wp-content\/uploads\/2020\/05\/MINISTERIO-EDUCACION-SJ-768x512.jpg 768w\" sizes=\"auto, (max-width: 800px) 100vw, 800px\" \/><\/p>\n","protected":false},"excerpt":{"rendered":"<p>El Ministerio de Educaci\u00f3n \u00a0del\u00a0 Gobierno de San Juan informa a la comunidad que brinda informaci\u00f3n y asesoramiento sobre las<\/p>\n","protected":false},"author":3,"featured_media":43597,"comment_status":"closed","ping_status":"closed","sticky":false,"template":"","format":"standard","meta":{"_acf_changed":false,"_seopress_robots_primary_cat":"none","_seopress_titles_title":"","_seopress_titles_desc":"","_seopress_robots_index":"","colormag_page_container_layout":"default_layout","colormag_page_sidebar_layout":"default_layout","footnotes":""},"categories":[2],"tags":[],"class_list":["post-97462","post","type-post","status-publish","format-standard","has-post-thumbnail","hentry","category-convocatorias"],"acf":[],"_links":{"self":[{"href":"https:\/\/vocesparalelas.com.ar\/sitio\/wp-json\/wp\/v2\/posts\/97462","targetHints":{"allow":["GET"]}}],"collection":[{"href":"https:\/\/vocesparalelas.com.ar\/sitio\/wp-json\/wp\/v2\/posts"}],"about":[{"href":"https:\/\/vocesparalelas.com.ar\/sitio\/wp-json\/wp\/v2\/types\/post"}],"author":[{"embeddable":true,"href":"https:\/\/vocesparalelas.com.ar\/sitio\/wp-json\/wp\/v2\/users\/3"}],"replies":[{"embeddable":true,"href":"https:\/\/vocesparalelas.com.ar\/sitio\/wp-json\/wp\/v2\/comments?post=97462"}],"version-history":[{"count":1,"href":"https:\/\/vocesparalelas.com.ar\/sitio\/wp-json\/wp\/v2\/posts\/97462\/revisions"}],"predecessor-version":[{"id":97465,"href":"https:\/\/vocesparalelas.com.ar\/sitio\/wp-json\/wp\/v2\/posts\/97462\/revisions\/97465"}],"wp:featuredmedia":[{"embeddable":true,"href":"https:\/\/vocesparalelas.com.ar\/sitio\/wp-json\/wp\/v2\/media\/43597"}],"wp:attachment":[{"href":"https:\/\/vocesparalelas.com.ar\/sitio\/wp-json\/wp\/v2\/media?parent=97462"}],"wp:term":[{"taxonomy":"category","embeddable":true,"href":"https:\/\/vocesparalelas.com.ar\/sitio\/wp-json\/wp\/v2\/categories?post=97462"},{"taxonomy":"post_tag","embeddable":true,"href":"https:\/\/vocesparalelas.com.ar\/sitio\/wp-json\/wp\/v2\/tags?post=97462"}],"curies":[{"name":"wp","href":"https:\/\/api.w.org\/{rel}","templated":true}]}}