{"id":97451,"date":"2026-03-06T20:21:00","date_gmt":"2026-03-06T23:21:00","guid":{"rendered":"https:\/\/vocesparalelas.com.ar\/sitio\/?p=97451"},"modified":"2026-03-09T14:34:20","modified_gmt":"2026-03-09T17:34:20","slug":"mision-comercial-para-empresas-de-alimentos-y-bebidas-en-santiago-de-chile","status":"publish","type":"post","link":"https:\/\/vocesparalelas.com.ar\/sitio\/mision-comercial-para-empresas-de-alimentos-y-bebidas-en-santiago-de-chile\/","title":{"rendered":"Misi\u00f3n Comercial para Empresas de Alimentos y Bebidas en Santiago de Chile"},"content":{"rendered":"<p>Desde la Direcci\u00f3n de Comercio Exterior y de la Secretar\u00eda de Coordinaci\u00f3n para el Desarrollo Econ\u00f3mico del Ministerio de Producci\u00f3n, Trabajo e Innovaci\u00f3n del\u00a0 Gobierno de San Juan, se hace extensiva la convocatoria de la Subsecretar\u00eda de Promoci\u00f3n de las Exportaciones, las Inversiones, la Educaci\u00f3n, la Ciencia y la Cultura junto a la Embajada Argentina en Chile. La Misi\u00f3n Comercial se desarrolla el 12 y 13 de Mayo.<\/p>\n<p>La convocatoria para participar de la Misi\u00f3n Comercial en Santiago de Chile comprende a los sectores: alimentos procesados y congelados, aceites, arroz, az\u00facar, granos y legumbres, frutos secos, man\u00ed, l\u00e1cteos, productos org\u00e1nicos, productos gourmet y delicatessen.<\/p>\n<p>Chile constituye un mercado prioritario para la oferta exportable argentina de alimentos y bebidas por su cercan\u00eda geogr\u00e1fica y su afinidad cultural. As\u00ed, el vecino pa\u00eds se consolida como uno de los principales socios comerciales de Argentina en la regi\u00f3n. La creciente demanda de productos diferenciados hacen de Chile un mercado ideal para fortalecer contactos comerciales, diversificar clientes y generar negocios sostenibles para la industria alimentaria argentina.<\/p>\n<p><span style=\"color: #ff6600;\"><strong>La agenda preliminar de la Misi\u00f3n Comercial<\/strong><\/span><\/p>\n<ul>\n<li>Reuniones B2B con contrapartes previamente identificadas<\/li>\n<li>Encuentros institucionales con organismos y c\u00e1maras empresariales locales<\/li>\n<li>Actividades de networking y promoci\u00f3n sectorial<\/li>\n<\/ul>\n<p>Aquellos interesados en participar de la Misi\u00f3n Comercial en Santiago deber\u00e1n presentar en forma excluyente un cat\u00e1logo digital en formato PDF y completar de manera detallada el siguiente formulario:<\/p>\n<p><a href=\"https:\/\/exportaciones.cancilleria.gob.ar\/sitios\/inscripcion_promocion_poncho\/158\/1\">https:\/\/exportaciones.cancilleria.gob.ar\/sitios\/inscripcion_promocion_poncho\/158\/1<\/a><\/p>\n<p>La fecha l\u00edmite de inscripci\u00f3n es el Viernes, 27 de Marzo y los cupos son limitados. Completar y enviar el formulario de inscripci\u00f3n respectivo no garantiza la participaci\u00f3n en la presente misi\u00f3n comercial. Una vez se obtenga el total de inscriptos, se realizar\u00e1 un proceso de selecci\u00f3n con base en el cumplimiento de las condiciones y la oferta exportable presentada. Las empresas participantes deber\u00e1n asumir los gastos relativos a los pasajes a\u00e9reos, alojamientos y vi\u00e1ticos.<\/p>\n<p><strong><span style=\"color: #ff6600;\">Para consultas<\/span><\/strong><\/p>\n<p>El interesado puede contactarse por mail<\/p>\n<p><a href=\"misionchile@mrecic.gov.ar\">misionchile@mrecic.gov.ar<\/a><\/p>\n<p><img loading=\"lazy\" decoding=\"async\" class=\"alignnone size-full wp-image-65642\" src=\"https:\/\/vocesparalelas.com.ar\/sitio\/wp-content\/uploads\/2023\/11\/GOBIERNO-SAN-JUAN.jpg\" alt=\"\" width=\"800\" height=\"600\" srcset=\"https:\/\/vocesparalelas.com.ar\/sitio\/wp-content\/uploads\/2023\/11\/GOBIERNO-SAN-JUAN.jpg 800w, https:\/\/vocesparalelas.com.ar\/sitio\/wp-content\/uploads\/2023\/11\/GOBIERNO-SAN-JUAN-300x225.jpg 300w, https:\/\/vocesparalelas.com.ar\/sitio\/wp-content\/uploads\/2023\/11\/GOBIERNO-SAN-JUAN-768x576.jpg 768w\" sizes=\"auto, (max-width: 800px) 100vw, 800px\" \/><\/p>\n<p>&nbsp;<\/p>\n","protected":false},"excerpt":{"rendered":"<p>Desde la Direcci\u00f3n de Comercio Exterior y de la Secretar\u00eda de Coordinaci\u00f3n para el Desarrollo Econ\u00f3mico del Ministerio de Producci\u00f3n,<\/p>\n","protected":false},"author":3,"featured_media":14387,"comment_status":"closed","ping_status":"closed","sticky":false,"template":"","format":"standard","meta":{"_acf_changed":false,"_seopress_robots_primary_cat":"none","_seopress_titles_title":"","_seopress_titles_desc":"","_seopress_robots_index":"","colormag_page_container_layout":"default_layout","colormag_page_sidebar_layout":"default_layout","footnotes":""},"categories":[2],"tags":[],"class_list":["post-97451","post","type-post","status-publish","format-standard","has-post-thumbnail","hentry","category-convocatorias"],"acf":[],"_links":{"self":[{"href":"https:\/\/vocesparalelas.com.ar\/sitio\/wp-json\/wp\/v2\/posts\/97451","targetHints":{"allow":["GET"]}}],"collection":[{"href":"https:\/\/vocesparalelas.com.ar\/sitio\/wp-json\/wp\/v2\/posts"}],"about":[{"href":"https:\/\/vocesparalelas.com.ar\/sitio\/wp-json\/wp\/v2\/types\/post"}],"author":[{"embeddable":true,"href":"https:\/\/vocesparalelas.com.ar\/sitio\/wp-json\/wp\/v2\/users\/3"}],"replies":[{"embeddable":true,"href":"https:\/\/vocesparalelas.com.ar\/sitio\/wp-json\/wp\/v2\/comments?post=97451"}],"version-history":[{"count":4,"href":"https:\/\/vocesparalelas.com.ar\/sitio\/wp-json\/wp\/v2\/posts\/97451\/revisions"}],"predecessor-version":[{"id":97524,"href":"https:\/\/vocesparalelas.com.ar\/sitio\/wp-json\/wp\/v2\/posts\/97451\/revisions\/97524"}],"wp:featuredmedia":[{"embeddable":true,"href":"https:\/\/vocesparalelas.com.ar\/sitio\/wp-json\/wp\/v2\/media\/14387"}],"wp:attachment":[{"href":"https:\/\/vocesparalelas.com.ar\/sitio\/wp-json\/wp\/v2\/media?parent=97451"}],"wp:term":[{"taxonomy":"category","embeddable":true,"href":"https:\/\/vocesparalelas.com.ar\/sitio\/wp-json\/wp\/v2\/categories?post=97451"},{"taxonomy":"post_tag","embeddable":true,"href":"https:\/\/vocesparalelas.com.ar\/sitio\/wp-json\/wp\/v2\/tags?post=97451"}],"curies":[{"name":"wp","href":"https:\/\/api.w.org\/{rel}","templated":true}]}}