{"id":97431,"date":"2026-03-04T23:19:32","date_gmt":"2026-03-05T02:19:32","guid":{"rendered":"https:\/\/vocesparalelas.com.ar\/sitio\/?p=97431"},"modified":"2026-03-06T20:56:11","modified_gmt":"2026-03-06T23:56:11","slug":"uda-san-juan-convoca-a-delegados-escolares-y-afiliados","status":"publish","type":"post","link":"https:\/\/vocesparalelas.com.ar\/sitio\/uda-san-juan-convoca-a-delegados-escolares-y-afiliados\/","title":{"rendered":"UDA San Juan convoca a Delegados Escolares y Afiliados"},"content":{"rendered":"<p>UDA San Juan convoca con car\u00e1cter de m\u00e1xima prioridad a Delegados Escolares y Afiliados a la reuni\u00f3n ante el rechazo de la \u00faltima propuesta salarial del\u00a0 Gobierno de San Juan.<\/p>\n<p>Para ello se propone llevar adelante un Paro Provincial por 48 horas para el\u00a0 Mi\u00e9rcoles, 11 y el Jueves, 12 de Marzo, resulta imperativo establecer una hoja de ruta clara.<\/p>\n<p>El objetivo es \u00fanico y decisivo para determinar mediante la participaci\u00f3n directa la modalidad del paro de la pr\u00f3xima semana.<\/p>\n<p>Tu presencia es el factor que garantiza que la voz del docente sea la que dicte los pasos a seguir. La legitimidad de la lucha depende la participaci\u00f3n..<\/p>\n<ul>\n<li>Fecha: Viernes 6 de marzo.<\/li>\n<li>Hora: 18:30 hs.<\/li>\n<li>Lugar : Sede Central de UDA (Presencial) y Modalidad Virtual (V\u00eda Streaming\/Zoom)<\/li>\n<\/ul>\n<p>UDA San Juan ratifica el Paro Provincial por 48 horas para el\u00a0 Mi\u00e9rcoles, 11 y el Jueves, 12 de Marzo.<\/p>\n<p>&nbsp;<\/p>\n<p style=\"text-align: right;\">UNI\u00d3N DOCENTES ARGENTINOS<\/p>\n<p style=\"text-align: right;\">UDA Seccional San Juan<\/p>\n<p>&nbsp;<\/p>\n<p>\u00danico sindicato con representatividad en todas las gestiones, niveles y modalidades del sistema educativo.<\/p>\n<p>&nbsp;<\/p>\n<p><img loading=\"lazy\" decoding=\"async\" class=\"alignnone size-full wp-image-86898\" src=\"https:\/\/vocesparalelas.com.ar\/sitio\/wp-content\/uploads\/2025\/05\/UDA-LOGO.jpg\" alt=\"\" width=\"800\" height=\"455\" srcset=\"https:\/\/vocesparalelas.com.ar\/sitio\/wp-content\/uploads\/2025\/05\/UDA-LOGO.jpg 800w, https:\/\/vocesparalelas.com.ar\/sitio\/wp-content\/uploads\/2025\/05\/UDA-LOGO-300x171.jpg 300w, https:\/\/vocesparalelas.com.ar\/sitio\/wp-content\/uploads\/2025\/05\/UDA-LOGO-768x437.jpg 768w\" sizes=\"auto, (max-width: 800px) 100vw, 800px\" \/><\/p>\n","protected":false},"excerpt":{"rendered":"<p>UDA San Juan convoca con car\u00e1cter de m\u00e1xima prioridad a Delegados Escolares y Afiliados a la reuni\u00f3n ante el rechazo<\/p>\n","protected":false},"author":3,"featured_media":74657,"comment_status":"closed","ping_status":"closed","sticky":false,"template":"","format":"standard","meta":{"_acf_changed":false,"_seopress_robots_primary_cat":"none","_seopress_titles_title":"","_seopress_titles_desc":"","_seopress_robots_index":"","colormag_page_container_layout":"default_layout","colormag_page_sidebar_layout":"default_layout","footnotes":""},"categories":[1],"tags":[],"class_list":["post-97431","post","type-post","status-publish","format-standard","has-post-thumbnail","hentry","category-destacadas"],"acf":[],"_links":{"self":[{"href":"https:\/\/vocesparalelas.com.ar\/sitio\/wp-json\/wp\/v2\/posts\/97431","targetHints":{"allow":["GET"]}}],"collection":[{"href":"https:\/\/vocesparalelas.com.ar\/sitio\/wp-json\/wp\/v2\/posts"}],"about":[{"href":"https:\/\/vocesparalelas.com.ar\/sitio\/wp-json\/wp\/v2\/types\/post"}],"author":[{"embeddable":true,"href":"https:\/\/vocesparalelas.com.ar\/sitio\/wp-json\/wp\/v2\/users\/3"}],"replies":[{"embeddable":true,"href":"https:\/\/vocesparalelas.com.ar\/sitio\/wp-json\/wp\/v2\/comments?post=97431"}],"version-history":[{"count":1,"href":"https:\/\/vocesparalelas.com.ar\/sitio\/wp-json\/wp\/v2\/posts\/97431\/revisions"}],"predecessor-version":[{"id":97434,"href":"https:\/\/vocesparalelas.com.ar\/sitio\/wp-json\/wp\/v2\/posts\/97431\/revisions\/97434"}],"wp:featuredmedia":[{"embeddable":true,"href":"https:\/\/vocesparalelas.com.ar\/sitio\/wp-json\/wp\/v2\/media\/74657"}],"wp:attachment":[{"href":"https:\/\/vocesparalelas.com.ar\/sitio\/wp-json\/wp\/v2\/media?parent=97431"}],"wp:term":[{"taxonomy":"category","embeddable":true,"href":"https:\/\/vocesparalelas.com.ar\/sitio\/wp-json\/wp\/v2\/categories?post=97431"},{"taxonomy":"post_tag","embeddable":true,"href":"https:\/\/vocesparalelas.com.ar\/sitio\/wp-json\/wp\/v2\/tags?post=97431"}],"curies":[{"name":"wp","href":"https:\/\/api.w.org\/{rel}","templated":true}]}}