{"id":97410,"date":"2026-03-05T19:08:58","date_gmt":"2026-03-05T22:08:58","guid":{"rendered":"https:\/\/vocesparalelas.com.ar\/sitio\/?p=97410"},"modified":"2026-03-06T20:41:08","modified_gmt":"2026-03-06T23:41:08","slug":"cartas-medicas-presenciales-en-reconocimientos-medicos-de-san-juan","status":"publish","type":"post","link":"https:\/\/vocesparalelas.com.ar\/sitio\/cartas-medicas-presenciales-en-reconocimientos-medicos-de-san-juan\/","title":{"rendered":"Cartas M\u00e9dicas presenciales en Reconocimientos M\u00e9dicos de San Juan"},"content":{"rendered":"<p>La Direcci\u00f3n de Reconocimientos M\u00e9dicos, dependiente del Ministerio de Salud del\u00a0 Gobierno de San Juan, informa a la poblaci\u00f3n que, a partir del Jueves, 05\u00a0 la fecha, por razones ajenas a la instituci\u00f3n, las cartas m\u00e9dicas deben presentarse de manera presencial, de lunes a viernes de 7:30 a 13:30 horas, en las oficinas ubicadas en calle Agust\u00edn Gnecco 360 Sur, entre Avenida Jos\u00e9 Ignacio de la Roza y Avenida C\u00f3rdoba.<\/p>\n<p>O pueden enviarse por correo electr\u00f3nico<\/p>\n<p><a href=\"licenciasmedicas.dcrm@sanjuan.gov.ar\">licenciasmedicas.dcrm@sanjuan.gov.ar<\/a><\/p>\n<p>En este sentido, se solicita a la poblaci\u00f3n realizar los tr\u00e1mites de manera presencial hasta nuevo aviso.<\/p>\n<p>Se informa adem\u00e1s que, una vez restituido el servicio, ser\u00e1 comunicado oportunamente a trav\u00e9s de los canales oficiales.<\/p>\n<p><img loading=\"lazy\" decoding=\"async\" class=\"alignnone size-full wp-image-65642\" src=\"https:\/\/vocesparalelas.com.ar\/sitio\/wp-content\/uploads\/2023\/11\/GOBIERNO-SAN-JUAN.jpg\" alt=\"\" width=\"800\" height=\"600\" srcset=\"https:\/\/vocesparalelas.com.ar\/sitio\/wp-content\/uploads\/2023\/11\/GOBIERNO-SAN-JUAN.jpg 800w, https:\/\/vocesparalelas.com.ar\/sitio\/wp-content\/uploads\/2023\/11\/GOBIERNO-SAN-JUAN-300x225.jpg 300w, https:\/\/vocesparalelas.com.ar\/sitio\/wp-content\/uploads\/2023\/11\/GOBIERNO-SAN-JUAN-768x576.jpg 768w\" sizes=\"auto, (max-width: 800px) 100vw, 800px\" \/><\/p>\n","protected":false},"excerpt":{"rendered":"<p>La Direcci\u00f3n de Reconocimientos M\u00e9dicos, dependiente del Ministerio de Salud del\u00a0 Gobierno de San Juan, informa a la poblaci\u00f3n que,<\/p>\n","protected":false},"author":3,"featured_media":27237,"comment_status":"closed","ping_status":"closed","sticky":false,"template":"","format":"standard","meta":{"_acf_changed":false,"_seopress_robots_primary_cat":"none","_seopress_titles_title":"","_seopress_titles_desc":"","_seopress_robots_index":"","colormag_page_container_layout":"default_layout","colormag_page_sidebar_layout":"default_layout","footnotes":""},"categories":[5],"tags":[],"class_list":["post-97410","post","type-post","status-publish","format-standard","has-post-thumbnail","hentry","category-ofrecimientos"],"acf":[],"_links":{"self":[{"href":"https:\/\/vocesparalelas.com.ar\/sitio\/wp-json\/wp\/v2\/posts\/97410","targetHints":{"allow":["GET"]}}],"collection":[{"href":"https:\/\/vocesparalelas.com.ar\/sitio\/wp-json\/wp\/v2\/posts"}],"about":[{"href":"https:\/\/vocesparalelas.com.ar\/sitio\/wp-json\/wp\/v2\/types\/post"}],"author":[{"embeddable":true,"href":"https:\/\/vocesparalelas.com.ar\/sitio\/wp-json\/wp\/v2\/users\/3"}],"replies":[{"embeddable":true,"href":"https:\/\/vocesparalelas.com.ar\/sitio\/wp-json\/wp\/v2\/comments?post=97410"}],"version-history":[{"count":1,"href":"https:\/\/vocesparalelas.com.ar\/sitio\/wp-json\/wp\/v2\/posts\/97410\/revisions"}],"predecessor-version":[{"id":97413,"href":"https:\/\/vocesparalelas.com.ar\/sitio\/wp-json\/wp\/v2\/posts\/97410\/revisions\/97413"}],"wp:featuredmedia":[{"embeddable":true,"href":"https:\/\/vocesparalelas.com.ar\/sitio\/wp-json\/wp\/v2\/media\/27237"}],"wp:attachment":[{"href":"https:\/\/vocesparalelas.com.ar\/sitio\/wp-json\/wp\/v2\/media?parent=97410"}],"wp:term":[{"taxonomy":"category","embeddable":true,"href":"https:\/\/vocesparalelas.com.ar\/sitio\/wp-json\/wp\/v2\/categories?post=97410"},{"taxonomy":"post_tag","embeddable":true,"href":"https:\/\/vocesparalelas.com.ar\/sitio\/wp-json\/wp\/v2\/tags?post=97410"}],"curies":[{"name":"wp","href":"https:\/\/api.w.org\/{rel}","templated":true}]}}