{"id":97404,"date":"2026-03-05T14:06:00","date_gmt":"2026-03-05T17:06:00","guid":{"rendered":"https:\/\/vocesparalelas.com.ar\/sitio\/?p=97404"},"modified":"2026-03-06T20:47:43","modified_gmt":"2026-03-06T23:47:43","slug":"uda-san-juan-rechaza-la-propuesta-salarial-del-gobierno-y-ratifica-el-estado-de-alerta-y-movilizacion","status":"publish","type":"post","link":"https:\/\/vocesparalelas.com.ar\/sitio\/uda-san-juan-rechaza-la-propuesta-salarial-del-gobierno-y-ratifica-el-estado-de-alerta-y-movilizacion\/","title":{"rendered":"UDA San Juan rechaza la propuesta Salarial del Gobierno y ratifica el estado de alerta y movilizaci\u00f3n"},"content":{"rendered":"<p>UDA San Juan comunica que en la\u00a0Paritaria Docente del Mi\u00e9rcoles, 4 de Marzo de 2026 rechaza la propuesta Salarial del Gobierno de San Juan en los siguientes puntos:<\/p>\n<ul>\n<li>Insistencia en el mismo esquema: El Ejecutivo vuelve a proponer una metodolog\u00eda de cierre a 4 meses, un formato que la docencia sanjuanina ya ha rechazado en cuatro oportunidades consecutivas.<\/li>\n<li>Desfasaje Salarial: Sin una actualizaci\u00f3n mensual del valor \u00edndice, el salario no recupera la p\u00e9rdida acumulada desde diciembre a la fecha, profundizando la precarizaci\u00f3n de nuestros ingresos.<\/li>\n<\/ul>\n<p>En consecuencia, UDA San Juan mantiene y ratifica el estado de alerta y movilizaci\u00f3n.<\/p>\n<p>&nbsp;<\/p>\n<p style=\"text-align: right;\">UNI\u00d3N DOCENTES ARGENTINOS<\/p>\n<p style=\"text-align: right;\">Seccional San Juan<\/p>\n<p>\u00danico sindicato con representatividad en las gestiones, nivales y modalidades del sistema educativo.<\/p>\n<p><img loading=\"lazy\" decoding=\"async\" class=\"alignnone size-full wp-image-86898\" src=\"https:\/\/vocesparalelas.com.ar\/sitio\/wp-content\/uploads\/2025\/05\/UDA-LOGO.jpg\" alt=\"\" width=\"800\" height=\"455\" srcset=\"https:\/\/vocesparalelas.com.ar\/sitio\/wp-content\/uploads\/2025\/05\/UDA-LOGO.jpg 800w, https:\/\/vocesparalelas.com.ar\/sitio\/wp-content\/uploads\/2025\/05\/UDA-LOGO-300x171.jpg 300w, https:\/\/vocesparalelas.com.ar\/sitio\/wp-content\/uploads\/2025\/05\/UDA-LOGO-768x437.jpg 768w\" sizes=\"auto, (max-width: 800px) 100vw, 800px\" \/><\/p>\n<blockquote class=\"wp-embedded-content\" data-secret=\"Z56sLhBAFC\"><p><a href=\"https:\/\/vocesparalelas.com.ar\/sitio\/los-gremios-docentes-rechazaron-la-propuesta-del-gobierno-de-san-juan-y-la-paritaria-paso-a-cuarto-intermedio\/\">Los Gremios docentes rechazaron la propuesta del Gobierno de San Juan y la Paritaria pas\u00f3 a cuarto intermedio<\/a><\/p><\/blockquote>\n<p><iframe loading=\"lazy\" class=\"wp-embedded-content\" sandbox=\"allow-scripts\" security=\"restricted\" style=\"position: absolute; visibility: hidden;\" title=\"\u00abLos Gremios docentes rechazaron la propuesta del Gobierno de San Juan y la Paritaria pas\u00f3 a cuarto intermedio\u00bb \u2014 Voces Paralelas\" src=\"https:\/\/vocesparalelas.com.ar\/sitio\/los-gremios-docentes-rechazaron-la-propuesta-del-gobierno-de-san-juan-y-la-paritaria-paso-a-cuarto-intermedio\/embed\/#?secret=iUOuvC0ACe#?secret=Z56sLhBAFC\" data-secret=\"Z56sLhBAFC\" width=\"600\" height=\"338\" frameborder=\"0\" marginwidth=\"0\" marginheight=\"0\" scrolling=\"no\"><\/iframe><\/p>\n<p>&nbsp;<\/p>\n","protected":false},"excerpt":{"rendered":"<p>UDA San Juan comunica que en la\u00a0Paritaria Docente del Mi\u00e9rcoles, 4 de Marzo de 2026 rechaza la propuesta Salarial del<\/p>\n","protected":false},"author":3,"featured_media":74657,"comment_status":"closed","ping_status":"closed","sticky":false,"template":"","format":"standard","meta":{"_acf_changed":false,"_seopress_robots_primary_cat":"none","_seopress_titles_title":"","_seopress_titles_desc":"","_seopress_robots_index":"","colormag_page_container_layout":"default_layout","colormag_page_sidebar_layout":"default_layout","footnotes":""},"categories":[5],"tags":[],"class_list":["post-97404","post","type-post","status-publish","format-standard","has-post-thumbnail","hentry","category-ofrecimientos"],"acf":[],"_links":{"self":[{"href":"https:\/\/vocesparalelas.com.ar\/sitio\/wp-json\/wp\/v2\/posts\/97404","targetHints":{"allow":["GET"]}}],"collection":[{"href":"https:\/\/vocesparalelas.com.ar\/sitio\/wp-json\/wp\/v2\/posts"}],"about":[{"href":"https:\/\/vocesparalelas.com.ar\/sitio\/wp-json\/wp\/v2\/types\/post"}],"author":[{"embeddable":true,"href":"https:\/\/vocesparalelas.com.ar\/sitio\/wp-json\/wp\/v2\/users\/3"}],"replies":[{"embeddable":true,"href":"https:\/\/vocesparalelas.com.ar\/sitio\/wp-json\/wp\/v2\/comments?post=97404"}],"version-history":[{"count":1,"href":"https:\/\/vocesparalelas.com.ar\/sitio\/wp-json\/wp\/v2\/posts\/97404\/revisions"}],"predecessor-version":[{"id":97407,"href":"https:\/\/vocesparalelas.com.ar\/sitio\/wp-json\/wp\/v2\/posts\/97404\/revisions\/97407"}],"wp:featuredmedia":[{"embeddable":true,"href":"https:\/\/vocesparalelas.com.ar\/sitio\/wp-json\/wp\/v2\/media\/74657"}],"wp:attachment":[{"href":"https:\/\/vocesparalelas.com.ar\/sitio\/wp-json\/wp\/v2\/media?parent=97404"}],"wp:term":[{"taxonomy":"category","embeddable":true,"href":"https:\/\/vocesparalelas.com.ar\/sitio\/wp-json\/wp\/v2\/categories?post=97404"},{"taxonomy":"post_tag","embeddable":true,"href":"https:\/\/vocesparalelas.com.ar\/sitio\/wp-json\/wp\/v2\/tags?post=97404"}],"curies":[{"name":"wp","href":"https:\/\/api.w.org\/{rel}","templated":true}]}}