{"id":97400,"date":"2026-03-05T00:27:03","date_gmt":"2026-03-05T03:27:03","guid":{"rendered":"https:\/\/vocesparalelas.com.ar\/sitio\/?p=97400"},"modified":"2026-03-05T23:25:23","modified_gmt":"2026-03-06T02:25:23","slug":"los-gremios-docentes-rechazaron-la-propuesta-del-gobierno-de-san-juan-y-la-paritaria-paso-a-cuarto-intermedio","status":"publish","type":"post","link":"https:\/\/vocesparalelas.com.ar\/sitio\/los-gremios-docentes-rechazaron-la-propuesta-del-gobierno-de-san-juan-y-la-paritaria-paso-a-cuarto-intermedio\/","title":{"rendered":"Los Gremios docentes rechazaron la propuesta del Gobierno de San Juan y la Paritaria pas\u00f3 a cuarto intermedio"},"content":{"rendered":"<p>En la Ciudad de San Juan, el Mi\u00e9rcoles, 04 de Marzo, se reanud\u00f3 la Paritaria Docente 2026, en la sala del Ministerio de Educaci\u00f3n del Gobierno de San Juan.<\/p>\n<p>En ella, participaron la Ministra de Educaci\u00f3n, Lic. Silvia Fuentes, el Ministro de Econom\u00eda, Finanzas y Hacienda, CPN Roberto Guti\u00e9rrez, el Secretario General de la Gobernaci\u00f3n, Lic. Emilio Achem y la Secretaria General de UDAP, Lic. Patricia Quiroga, la Secretaria General de UDA, Prof. Karina Navarro, la Asociaci\u00f3n del Magisterio de Ense\u00f1anza T\u00e9cnica, el Secretario General Prof. Daniel Quiroga y dem\u00e1s representantes de las partes<\/p>\n<p>Se deja constancia que la integraci\u00f3n personal de cada Asociaci\u00f3n Sindical no afecta ni modifica el valor de la cantidad de votos de cada una previsto en el Decreto N\u00b0 121-2007.<\/p>\n<p>Se retoma el an\u00e1lisis de la situaci\u00f3n salarial donde se comienza con el aumento realizado en el salario del mes de enero de 2026, consistente en un bono de ciento veinte mil pesos y 4 puntos en el c\u00f3digo A01 (sueldo b\u00e1sico) y que en el mes de febrero, se increment\u00f3 a cien mil pesos el \u00edtem escolaridad, adem\u00e1s del pago correspondiente a equipamiento docente por el monto de ciento veintiocho mil ochocientos uno con 76\/100 pesos.<\/p>\n<p>Acto seguido la parte empleadora, el Gobierno de San Juan, realiza una propuesta salarial superadora por encima de la inflaci\u00f3n, consiste en:<\/p>\n<ul>\n<li>Incrementar para el mes de marzo de 2026 el valor \u00edndice en 5%, con base del valor \u00edndice de diciembre 2025.<\/li>\n<li>Incrementar en 6 puntos el c\u00f3digo A01 en el nomenclador docente para el mes de marzo 2026.<\/li>\n<li>Incrementar en 4 puntos el c\u00f3digo E60 para el mes de marzo.<\/li>\n<li>Incrementar en 2 puntos el c\u00f3digo A01 en el nomenclador docente para el mes de mayo 2026.<\/li>\n<li>Incrementar para el mes de junio de 2026 el valor \u00edndice en 5%, con base del valor \u00edndice de marzo 2026.<\/li>\n<li>Implementar para el mes de junio de 2026, cl\u00e1usula de revisi\u00f3n sobre los incrementos brindados en marzo y junio del corriente a\u00f1o al valor \u00edndice.<\/li>\n<\/ul>\n<p>La parte sindical, luego de un cuarto intermedio entre sus integrantes para analizar la propuesta salarial precedente, expresa: que la rechaza porque no contiene los par\u00e1metros de incremento salarial solicitados en actas anteriores.<\/p>\n<p>Adem\u00e1s, ello la hace insuficiente y sin perjuicio de la veracidad o no con relaci\u00f3n a los \u00edndices de inflaci\u00f3n, deja constancia que en cualquier caso, el valor real del salario se viene deteriorando progresivamente perdiendo el valor adquisitivo para cubrir el costo de vida. Solicitando actualizaci\u00f3n de la remuneraci\u00f3n, permitiendo frenar la quiebra de la econom\u00eda familiar. En este acto comunican que los sindicatos adoptar\u00e1n las medidas legales del caso haciendo as comunicaciones pertinentes.<\/p>\n<p>La parte empleadora convoca a seguir con la negociaci\u00f3n paritaria, para el d\u00eda martes diez de marzo de dos mil veintis\u00e9is a las catorce horas.<\/p>\n<p>Siendo las veintitr\u00e9s cincuenta horas, se da por finalizada el encuentro.<\/p>\n<p><img loading=\"lazy\" decoding=\"async\" class=\"alignnone size-full wp-image-65642\" src=\"https:\/\/vocesparalelas.com.ar\/sitio\/wp-content\/uploads\/2023\/11\/GOBIERNO-SAN-JUAN.jpg\" alt=\"\" width=\"800\" height=\"600\" srcset=\"https:\/\/vocesparalelas.com.ar\/sitio\/wp-content\/uploads\/2023\/11\/GOBIERNO-SAN-JUAN.jpg 800w, https:\/\/vocesparalelas.com.ar\/sitio\/wp-content\/uploads\/2023\/11\/GOBIERNO-SAN-JUAN-300x225.jpg 300w, https:\/\/vocesparalelas.com.ar\/sitio\/wp-content\/uploads\/2023\/11\/GOBIERNO-SAN-JUAN-768x576.jpg 768w\" sizes=\"auto, (max-width: 800px) 100vw, 800px\" \/><\/p>\n<p>&nbsp;<\/p>\n","protected":false},"excerpt":{"rendered":"<p>En la Ciudad de San Juan, el Mi\u00e9rcoles, 04 de Marzo, se reanud\u00f3 la Paritaria Docente 2026, en la sala<\/p>\n","protected":false},"author":3,"featured_media":95020,"comment_status":"closed","ping_status":"closed","sticky":false,"template":"","format":"standard","meta":{"_acf_changed":false,"_seopress_robots_primary_cat":"none","_seopress_titles_title":"","_seopress_titles_desc":"","_seopress_robots_index":"","colormag_page_container_layout":"default_layout","colormag_page_sidebar_layout":"default_layout","footnotes":""},"categories":[5],"tags":[],"class_list":["post-97400","post","type-post","status-publish","format-standard","has-post-thumbnail","hentry","category-ofrecimientos"],"acf":[],"_links":{"self":[{"href":"https:\/\/vocesparalelas.com.ar\/sitio\/wp-json\/wp\/v2\/posts\/97400","targetHints":{"allow":["GET"]}}],"collection":[{"href":"https:\/\/vocesparalelas.com.ar\/sitio\/wp-json\/wp\/v2\/posts"}],"about":[{"href":"https:\/\/vocesparalelas.com.ar\/sitio\/wp-json\/wp\/v2\/types\/post"}],"author":[{"embeddable":true,"href":"https:\/\/vocesparalelas.com.ar\/sitio\/wp-json\/wp\/v2\/users\/3"}],"replies":[{"embeddable":true,"href":"https:\/\/vocesparalelas.com.ar\/sitio\/wp-json\/wp\/v2\/comments?post=97400"}],"version-history":[{"count":1,"href":"https:\/\/vocesparalelas.com.ar\/sitio\/wp-json\/wp\/v2\/posts\/97400\/revisions"}],"predecessor-version":[{"id":97403,"href":"https:\/\/vocesparalelas.com.ar\/sitio\/wp-json\/wp\/v2\/posts\/97400\/revisions\/97403"}],"wp:featuredmedia":[{"embeddable":true,"href":"https:\/\/vocesparalelas.com.ar\/sitio\/wp-json\/wp\/v2\/media\/95020"}],"wp:attachment":[{"href":"https:\/\/vocesparalelas.com.ar\/sitio\/wp-json\/wp\/v2\/media?parent=97400"}],"wp:term":[{"taxonomy":"category","embeddable":true,"href":"https:\/\/vocesparalelas.com.ar\/sitio\/wp-json\/wp\/v2\/categories?post=97400"},{"taxonomy":"post_tag","embeddable":true,"href":"https:\/\/vocesparalelas.com.ar\/sitio\/wp-json\/wp\/v2\/tags?post=97400"}],"curies":[{"name":"wp","href":"https:\/\/api.w.org\/{rel}","templated":true}]}}