{"id":97379,"date":"2026-03-04T19:11:26","date_gmt":"2026-03-04T22:11:26","guid":{"rendered":"https:\/\/vocesparalelas.com.ar\/sitio\/?p=97379"},"modified":"2026-03-05T22:23:26","modified_gmt":"2026-03-06T01:23:26","slug":"inscripciones-en-las-escuelas-de-oficios-del-ministerio-de-educacion-de-san-juan","status":"publish","type":"post","link":"https:\/\/vocesparalelas.com.ar\/sitio\/inscripciones-en-las-escuelas-de-oficios-del-ministerio-de-educacion-de-san-juan\/","title":{"rendered":"Inscripciones en las Escuelas de Oficios del Ministerio de Educaci\u00f3n de San Juan"},"content":{"rendered":"<p>El Ministerio de Educaci\u00f3n del\u00a0 Gobierno de San Juan\u00a0invita a la comunidad a inscribirse en las Escuelas de Oficios, que funcionan en distintos puntos de la provincia. Se trata de una propuesta destinada a la formaci\u00f3n y al desarrollo de habilidades para el trabajo y el emprendimiento, que facilita la inserci\u00f3n laboral y la autonom\u00eda econ\u00f3mica al desarrollar habilidades pr\u00e1cticas, t\u00e9cnicas y espec\u00edficas demandadas por el mercado laboral.<\/p>\n<p>La provincia cuenta con 63 Escuelas de Capacitaci\u00f3n Laboral y 24 Anexos de Formaci\u00f3n, 2 Centros de Formaci\u00f3n Profesional, 4 Misiones Monot\u00e9cnicas y 1 Misi\u00f3n Cultural y Rural, garantizando cobertura territorial y diversidad de trayectos formativos.<\/p>\n<p><strong><span style=\"color: #ff6600;\">Las capacitaciones abarcan m\u00faltiples \u00e1reas vinculadas al mundo del trabajo, entre ellas:<\/span><\/strong><\/p>\n<ul>\n<li>Arte y Artesan\u00edas<\/li>\n<li>\u00c1rea Comercial<\/li>\n<li>Idioma Ingl\u00e9s<\/li>\n<li>Oficios del Hogar<\/li>\n<li>Formaci\u00f3n Operativa<\/li>\n<li>Formaci\u00f3n T\u00e9cnica<\/li>\n<li>Oficios Rurales<\/li>\n<\/ul>\n<p>Las propuestas est\u00e1n dirigidas a j\u00f3venes y adultos, sin l\u00edmite de edad, que deseen adquirir habilidades pr\u00e1cticas, t\u00e9cnicas y espec\u00edficas demandadas por el mercado laboral. Adem\u00e1s de favorecer la inserci\u00f3n laboral, promueven el desarrollo de emprendimientos y la autonom\u00eda econ\u00f3mica.<\/p>\n<p>Al finalizar la formaci\u00f3n, los estudiantes obtendr\u00e1n certificaci\u00f3n oficial avalada por el Ministerio de Educaci\u00f3n.<\/p>\n<p>Las inscripciones estar\u00e1n abiertas hasta el 6 de Marzo o hasta completar los cupos disponibles.<\/p>\n<p><span style=\"color: #ff6600;\"><strong>Requisitos de inscripci\u00f3n<\/strong><\/span><\/p>\n<ul>\n<li>Fotocopia del DNI.<\/li>\n<li>Certificado de estudios primarios o secundarios o copia del Libro Matriz.<\/li>\n<\/ul>\n<p>Las personas interesadas pueden consultar en\u00a0este link<\/p>\n<p><a href=\"https:\/\/www.google.com\/maps\/d\/u\/0\/viewer?mid=1HDRJuKMCjL3xMOhcfbXVeAgrCTa9_pE&amp;ll=-31.528909983957742%2C-68.52042778111658&amp;z=16\">https:\/\/www.google.com\/maps\/d\/u\/0\/viewer?mid=1HDRJuKMCjL3xMOhcfbXVeAgrCTa9_pE&amp;ll=-31.528909983957742%2C-68.52042778111658&amp;z=16<\/a><\/p>\n<p>la escuela m\u00e1s cercana y la oferta formativa disponible.<\/p>\n<p><img loading=\"lazy\" decoding=\"async\" class=\"alignnone size-full wp-image-28629\" src=\"https:\/\/vocesparalelas.com.ar\/sitio\/wp-content\/uploads\/2020\/05\/MINISTERIO-EDUCACION-SJ.jpg\" alt=\"\" width=\"800\" height=\"533\" srcset=\"https:\/\/vocesparalelas.com.ar\/sitio\/wp-content\/uploads\/2020\/05\/MINISTERIO-EDUCACION-SJ.jpg 800w, https:\/\/vocesparalelas.com.ar\/sitio\/wp-content\/uploads\/2020\/05\/MINISTERIO-EDUCACION-SJ-300x200.jpg 300w, https:\/\/vocesparalelas.com.ar\/sitio\/wp-content\/uploads\/2020\/05\/MINISTERIO-EDUCACION-SJ-768x512.jpg 768w\" sizes=\"auto, (max-width: 800px) 100vw, 800px\" \/><\/p>\n<p>&nbsp;<\/p>\n","protected":false},"excerpt":{"rendered":"<p>El Ministerio de Educaci\u00f3n del\u00a0 Gobierno de San Juan\u00a0invita a la comunidad a inscribirse en las Escuelas de Oficios, que<\/p>\n","protected":false},"author":3,"featured_media":97114,"comment_status":"closed","ping_status":"closed","sticky":false,"template":"","format":"standard","meta":{"_acf_changed":false,"_seopress_robots_primary_cat":"none","_seopress_titles_title":"","_seopress_titles_desc":"","_seopress_robots_index":"","colormag_page_container_layout":"default_layout","colormag_page_sidebar_layout":"default_layout","footnotes":""},"categories":[9],"tags":[],"class_list":["post-97379","post","type-post","status-publish","format-standard","has-post-thumbnail","hentry","category-cursos"],"acf":[],"_links":{"self":[{"href":"https:\/\/vocesparalelas.com.ar\/sitio\/wp-json\/wp\/v2\/posts\/97379","targetHints":{"allow":["GET"]}}],"collection":[{"href":"https:\/\/vocesparalelas.com.ar\/sitio\/wp-json\/wp\/v2\/posts"}],"about":[{"href":"https:\/\/vocesparalelas.com.ar\/sitio\/wp-json\/wp\/v2\/types\/post"}],"author":[{"embeddable":true,"href":"https:\/\/vocesparalelas.com.ar\/sitio\/wp-json\/wp\/v2\/users\/3"}],"replies":[{"embeddable":true,"href":"https:\/\/vocesparalelas.com.ar\/sitio\/wp-json\/wp\/v2\/comments?post=97379"}],"version-history":[{"count":1,"href":"https:\/\/vocesparalelas.com.ar\/sitio\/wp-json\/wp\/v2\/posts\/97379\/revisions"}],"predecessor-version":[{"id":97382,"href":"https:\/\/vocesparalelas.com.ar\/sitio\/wp-json\/wp\/v2\/posts\/97379\/revisions\/97382"}],"wp:featuredmedia":[{"embeddable":true,"href":"https:\/\/vocesparalelas.com.ar\/sitio\/wp-json\/wp\/v2\/media\/97114"}],"wp:attachment":[{"href":"https:\/\/vocesparalelas.com.ar\/sitio\/wp-json\/wp\/v2\/media?parent=97379"}],"wp:term":[{"taxonomy":"category","embeddable":true,"href":"https:\/\/vocesparalelas.com.ar\/sitio\/wp-json\/wp\/v2\/categories?post=97379"},{"taxonomy":"post_tag","embeddable":true,"href":"https:\/\/vocesparalelas.com.ar\/sitio\/wp-json\/wp\/v2\/tags?post=97379"}],"curies":[{"name":"wp","href":"https:\/\/api.w.org\/{rel}","templated":true}]}}