{"id":97375,"date":"2026-03-04T15:02:20","date_gmt":"2026-03-04T18:02:20","guid":{"rendered":"https:\/\/vocesparalelas.com.ar\/sitio\/?p=97375"},"modified":"2026-03-05T19:35:47","modified_gmt":"2026-03-05T22:35:47","slug":"convocatoria-para-escritores-de-san-juan-hacia-la-feria-internacional-del-libro-de-buenos-aires","status":"publish","type":"post","link":"https:\/\/vocesparalelas.com.ar\/sitio\/convocatoria-para-escritores-de-san-juan-hacia-la-feria-internacional-del-libro-de-buenos-aires\/","title":{"rendered":"Convocatoria para Escritores de San Juan hacia la Feria Internacional del Libro de Buenos Aires"},"content":{"rendered":"<p>El Ministerio de Turismo, Cultura y Deporte del Gobierno de San Juan, a trav\u00e9s de la secretaria de Cultura abre una nueva convocatoria destinada a escritores independientes e instituciones vinculadas a la producci\u00f3n editorial para integrar el Stand de San Juan en la pr\u00f3xima edici\u00f3n de la Feria Internacional del Libro de Buenos Aires. Se recibir\u00e1n exclusivamente obras de autores de San Juan que est\u00e1n disponibles para su exhibici\u00f3n y venta.<\/p>\n<p>La recepci\u00f3n de libros es hasta el Viernes, 13 de Marzo, de 8:00 a 20 hs., en el edificio de la Direcci\u00f3n de Bibliotecas Populares y Actividades Literarias, 25 de mayo esquina Las Heras. Posterior a esa fecha no se reciben ejemplares para su participaci\u00f3n en la Feria.<\/p>\n<p>En cuanto a las condiciones de recepci\u00f3n, para libros editados en los a\u00f1os 2022, 2023 y 2024 se aceptan entre tres y siete ejemplares por t\u00edtulo. Para obras editadas en los a\u00f1os 2025 y 2026, se reciben entre tres y diez ejemplares por t\u00edtulo. En ambos casos no existe l\u00edmite en la cantidad de t\u00edtulos a presentar.<\/p>\n<p>Para mayor informaci\u00f3n sobre el proceso de recepci\u00f3n y participaci\u00f3n, los interesados pueden comunicarse al tel\u00e9fono 4217365 o acercarse personalmente a la sede de la Direcci\u00f3n.<\/p>\n<p>&nbsp;<\/p>\n<p><img loading=\"lazy\" decoding=\"async\" class=\"alignnone size-full wp-image-76621\" src=\"https:\/\/vocesparalelas.com.ar\/sitio\/wp-content\/uploads\/2024\/09\/LIBROS-SAN-JUAN.jpg\" alt=\"\" width=\"800\" height=\"450\" srcset=\"https:\/\/vocesparalelas.com.ar\/sitio\/wp-content\/uploads\/2024\/09\/LIBROS-SAN-JUAN.jpg 800w, https:\/\/vocesparalelas.com.ar\/sitio\/wp-content\/uploads\/2024\/09\/LIBROS-SAN-JUAN-300x169.jpg 300w, https:\/\/vocesparalelas.com.ar\/sitio\/wp-content\/uploads\/2024\/09\/LIBROS-SAN-JUAN-768x432.jpg 768w\" sizes=\"auto, (max-width: 800px) 100vw, 800px\" \/><\/p>\n","protected":false},"excerpt":{"rendered":"<p>El Ministerio de Turismo, Cultura y Deporte del Gobierno de San Juan, a trav\u00e9s de la secretaria de Cultura abre<\/p>\n","protected":false},"author":3,"featured_media":20655,"comment_status":"closed","ping_status":"closed","sticky":false,"template":"","format":"standard","meta":{"_acf_changed":false,"_seopress_robots_primary_cat":"none","_seopress_titles_title":"","_seopress_titles_desc":"","_seopress_robots_index":"","colormag_page_container_layout":"default_layout","colormag_page_sidebar_layout":"default_layout","footnotes":""},"categories":[8],"tags":[],"class_list":["post-97375","post","type-post","status-publish","format-standard","has-post-thumbnail","hentry","category-concursos"],"acf":[],"_links":{"self":[{"href":"https:\/\/vocesparalelas.com.ar\/sitio\/wp-json\/wp\/v2\/posts\/97375","targetHints":{"allow":["GET"]}}],"collection":[{"href":"https:\/\/vocesparalelas.com.ar\/sitio\/wp-json\/wp\/v2\/posts"}],"about":[{"href":"https:\/\/vocesparalelas.com.ar\/sitio\/wp-json\/wp\/v2\/types\/post"}],"author":[{"embeddable":true,"href":"https:\/\/vocesparalelas.com.ar\/sitio\/wp-json\/wp\/v2\/users\/3"}],"replies":[{"embeddable":true,"href":"https:\/\/vocesparalelas.com.ar\/sitio\/wp-json\/wp\/v2\/comments?post=97375"}],"version-history":[{"count":1,"href":"https:\/\/vocesparalelas.com.ar\/sitio\/wp-json\/wp\/v2\/posts\/97375\/revisions"}],"predecessor-version":[{"id":97378,"href":"https:\/\/vocesparalelas.com.ar\/sitio\/wp-json\/wp\/v2\/posts\/97375\/revisions\/97378"}],"wp:featuredmedia":[{"embeddable":true,"href":"https:\/\/vocesparalelas.com.ar\/sitio\/wp-json\/wp\/v2\/media\/20655"}],"wp:attachment":[{"href":"https:\/\/vocesparalelas.com.ar\/sitio\/wp-json\/wp\/v2\/media?parent=97375"}],"wp:term":[{"taxonomy":"category","embeddable":true,"href":"https:\/\/vocesparalelas.com.ar\/sitio\/wp-json\/wp\/v2\/categories?post=97375"},{"taxonomy":"post_tag","embeddable":true,"href":"https:\/\/vocesparalelas.com.ar\/sitio\/wp-json\/wp\/v2\/tags?post=97375"}],"curies":[{"name":"wp","href":"https:\/\/api.w.org\/{rel}","templated":true}]}}