{"id":97369,"date":"2026-03-04T12:18:33","date_gmt":"2026-03-04T15:18:33","guid":{"rendered":"https:\/\/vocesparalelas.com.ar\/sitio\/?p=97369"},"modified":"2026-03-04T14:51:55","modified_gmt":"2026-03-04T17:51:55","slug":"san-juan-planteo-su-posicion-sobre-mineria-y-glaciares-ante-gobernadores-y-ceos-en-canada","status":"publish","type":"post","link":"https:\/\/vocesparalelas.com.ar\/sitio\/san-juan-planteo-su-posicion-sobre-mineria-y-glaciares-ante-gobernadores-y-ceos-en-canada\/","title":{"rendered":"San Juan plante\u00f3 su posici\u00f3n sobre miner\u00eda y glaciares ante gobernadores y CEOs en Canad\u00e1"},"content":{"rendered":"<p>El ministro de Miner\u00eda del\u00a0 Gobierno de San Juan, Rep\u00fablica Argentina, Dr. Juan Pablo Perea, particip\u00f3 en representaci\u00f3n del gobernador, Dr. Marcelo Orrego en la Mesa de Gobernadores y CEOs, realizada en Canad\u00e1 en el marco de la PDAC, el principal encuentro minero internacional, donde la provincia expuso su posici\u00f3n sobre miner\u00eda, glaciares y gesti\u00f3n del recurso h\u00eddrico ante autoridades, empresarios y referentes del sector.<\/p>\n<p>La mesa reuni\u00f3 a embajadores de Argentina y Canad\u00e1, gobernadores, ministros y secretarios de Miner\u00eda de distintas provincias argentinas, adem\u00e1s de CEOs de empresas mineras. Durante el encuentro, desde la Embajada de Canad\u00e1 se destac\u00f3 que el di\u00e1logo en torno a la actividad minera atraviesa una nueva etapa, enfocada en concreciones, capacitaci\u00f3n y financiamiento, dejando atr\u00e1s debates preliminares solamente vinculados a los recursos.<\/p>\n<p>En ese contexto, San Juan fue la provincia m\u00e1s mencionada a lo largo de la reuni\u00f3n, lo que evidenci\u00f3 su posicionamiento dentro de la agenda minera internacional.<\/p>\n<p>Ante una de las consultas planteadas por los presentes, y en el marco de la reciente media sanci\u00f3n en el Senado de la Naci\u00f3n a la aclaratoria de la Ley de Glaciares, el ministro Dr. Juan Pablo Perea explic\u00f3 que el debate actual no debe plantearse como una dicotom\u00eda entre miner\u00eda s\u00ed o no, sino desde una mirada t\u00e9cnica y cient\u00edfica. En ese sentido, sostuvo que \u201cno se trata de elegir entre glaciares o minas; se trata de usar la ciencia para proteger el agua mientras desarrollamos esta noble industria como es la miner\u00eda que va a sacar a la Argentina adelante\u201d.<\/p>\n<p>En esa l\u00ednea, el funcionario de San Juan, remarc\u00f3 que la provincia cuenta con capacidad t\u00e9cnica, informaci\u00f3n y profesionales especializados para abordar temas sensibles como glaciares y agua, al tiempo que impulsa una industria minera que contribuya al desarrollo del conocimiento y de las comunidades, respetando el marco constitucional que reconoce a las provincias el dominio de sus recursos naturales.<\/p>\n<p>El ministro estuvo acompa\u00f1ado por Roberto Moreno, secretario de Gesti\u00f3n Ambiental y Control Minero del Ministerio de Miner\u00eda de San Juan y experto en glaciares, quien tambi\u00e9n particip\u00f3 de los intercambios t\u00e9cnicos. Durante la mesa se puso especialmente en valor la experiencia de San Juan en la gesti\u00f3n ambiental y el control minero, aspectos considerados clave en el debate actual.<\/p>\n<p>Finalmente, Perea subray\u00f3 la importancia del di\u00e1logo institucional, el respeto al federalismo y la construcci\u00f3n de consensos, como condiciones necesarias para avanzar en una gesti\u00f3n responsable de los recursos naturales y en el desarrollo sostenible de la provincia y del pa\u00eds.<\/p>\n<p><img loading=\"lazy\" decoding=\"async\" class=\"alignnone size-full wp-image-92248\" src=\"https:\/\/vocesparalelas.com.ar\/sitio\/wp-content\/uploads\/2025\/10\/MINERIA-DIITAL-SAN-JUAN-01.jpg\" alt=\"\" width=\"800\" height=\"450\" srcset=\"https:\/\/vocesparalelas.com.ar\/sitio\/wp-content\/uploads\/2025\/10\/MINERIA-DIITAL-SAN-JUAN-01.jpg 800w, https:\/\/vocesparalelas.com.ar\/sitio\/wp-content\/uploads\/2025\/10\/MINERIA-DIITAL-SAN-JUAN-01-300x169.jpg 300w, https:\/\/vocesparalelas.com.ar\/sitio\/wp-content\/uploads\/2025\/10\/MINERIA-DIITAL-SAN-JUAN-01-768x432.jpg 768w\" sizes=\"auto, (max-width: 800px) 100vw, 800px\" \/><\/p>\n<p>&nbsp;<\/p>\n","protected":false},"excerpt":{"rendered":"<p>El ministro de Miner\u00eda del\u00a0 Gobierno de San Juan, Rep\u00fablica Argentina, Dr. Juan Pablo Perea, particip\u00f3 en representaci\u00f3n del gobernador,<\/p>\n","protected":false},"author":3,"featured_media":97372,"comment_status":"closed","ping_status":"closed","sticky":false,"template":"","format":"standard","meta":{"_acf_changed":false,"_seopress_robots_primary_cat":"none","_seopress_titles_title":"","_seopress_titles_desc":"","_seopress_robots_index":"","colormag_page_container_layout":"default_layout","colormag_page_sidebar_layout":"default_layout","footnotes":""},"categories":[1],"tags":[],"class_list":["post-97369","post","type-post","status-publish","format-standard","has-post-thumbnail","hentry","category-destacadas"],"acf":[],"_links":{"self":[{"href":"https:\/\/vocesparalelas.com.ar\/sitio\/wp-json\/wp\/v2\/posts\/97369","targetHints":{"allow":["GET"]}}],"collection":[{"href":"https:\/\/vocesparalelas.com.ar\/sitio\/wp-json\/wp\/v2\/posts"}],"about":[{"href":"https:\/\/vocesparalelas.com.ar\/sitio\/wp-json\/wp\/v2\/types\/post"}],"author":[{"embeddable":true,"href":"https:\/\/vocesparalelas.com.ar\/sitio\/wp-json\/wp\/v2\/users\/3"}],"replies":[{"embeddable":true,"href":"https:\/\/vocesparalelas.com.ar\/sitio\/wp-json\/wp\/v2\/comments?post=97369"}],"version-history":[{"count":2,"href":"https:\/\/vocesparalelas.com.ar\/sitio\/wp-json\/wp\/v2\/posts\/97369\/revisions"}],"predecessor-version":[{"id":97374,"href":"https:\/\/vocesparalelas.com.ar\/sitio\/wp-json\/wp\/v2\/posts\/97369\/revisions\/97374"}],"wp:featuredmedia":[{"embeddable":true,"href":"https:\/\/vocesparalelas.com.ar\/sitio\/wp-json\/wp\/v2\/media\/97372"}],"wp:attachment":[{"href":"https:\/\/vocesparalelas.com.ar\/sitio\/wp-json\/wp\/v2\/media?parent=97369"}],"wp:term":[{"taxonomy":"category","embeddable":true,"href":"https:\/\/vocesparalelas.com.ar\/sitio\/wp-json\/wp\/v2\/categories?post=97369"},{"taxonomy":"post_tag","embeddable":true,"href":"https:\/\/vocesparalelas.com.ar\/sitio\/wp-json\/wp\/v2\/tags?post=97369"}],"curies":[{"name":"wp","href":"https:\/\/api.w.org\/{rel}","templated":true}]}}