{"id":97364,"date":"2026-03-04T10:56:16","date_gmt":"2026-03-04T13:56:16","guid":{"rendered":"https:\/\/vocesparalelas.com.ar\/sitio\/?p=97364"},"modified":"2026-03-04T10:56:16","modified_gmt":"2026-03-04T13:56:16","slug":"avanza-la-obra-publica-en-la-quebrada-de-zonda-en-san-juan","status":"publish","type":"post","link":"https:\/\/vocesparalelas.com.ar\/sitio\/avanza-la-obra-publica-en-la-quebrada-de-zonda-en-san-juan\/","title":{"rendered":"Avanza la Obra P\u00fablica en la Quebrada de Zonda en San Juan"},"content":{"rendered":"<div class=\"itemBody gsp_content_wrapper_wrp_set gsp_block_wrp_wrp_ssblock_59914 gsp_content_wrapper_parent_set\">\n<div class=\"itemFullText\">\n<p>El gobernador de San Juan, Dr. Marcelo Orrego visit\u00f3 la obra que se ejecuta en la Quebrada de Zonda, que actualmente registra un 92% de avance.<\/p>\n<p>Durante la recorrida, el mandatario pudo constatar que ya fueron finalizados los trabajos de estructura met\u00e1lica para cubierta y la colocaci\u00f3n del panel t\u00e9rmico en la planta alta de la cantina, as\u00ed como la estructura met\u00e1lica de las p\u00e9rgolas.<\/p>\n<p>En los sectores 3 y 4, el vered\u00edn de hormig\u00f3n armado llaneado se encuentra concluido, mientras que contin\u00faan en ejecuci\u00f3n los trabajos de estampado y la colocaci\u00f3n de baldosas podot\u00e1ctiles. En el sector de la cantina avanzan los accesos con rampas, barandas y baldosas podot\u00e1ctiles, fortaleciendo las condiciones de accesibilidad.<\/p>\n<p>La colocaci\u00f3n del revestimiento de chapa trapezoidal C27 pintada ya fue completada en la cantina y contin\u00faa en los n\u00facleos sanitarios. Adem\u00e1s, los carteles exteriores y t\u00f3tems fueron instalados en todos los sectores de la obra.<\/p>\n<p>Entre los trabajos actualmente en ejecuci\u00f3n se encuentran la instalaci\u00f3n de corrientes fuertes, luminarias en circulaciones, colocaci\u00f3n de mangueras para el sistema de riego, pintura de carpinter\u00edas y revestimientos, y tareas de parquizaci\u00f3n. Tambi\u00e9n se finalizaron los asadores, mesas, bancos y dispensarios de agua en todos los sectores, quedando pendientes algunas bachas de lavado.<\/p>\n<p>En paralelo, se tramita la primera alteraci\u00f3n al contrato, vinculada al cambio de modelos de bancos y a la ejecuci\u00f3n de caminos de hormig\u00f3n hacia los sectores 1 y 2, tareas que ya se encuentran en marcha. Asimismo, se incorporar\u00e1n dos grandes n\u00facleos de juegos.<\/p>\n<p>El proyecto forma parte del plan de renovaci\u00f3n integral del parque, con el objetivo de consolidar la Quebrada de Zonda como un espacio recreativo y tur\u00edstico moderno, accesible y seguro para sanjuaninos y visitantes.<\/p>\n<\/div>\n<div class=\"clr\"><\/div>\n<\/div>\n<div class=\"clr\"><\/div>\n<div><img loading=\"lazy\" decoding=\"async\" class=\"alignnone size-full wp-image-65642\" src=\"https:\/\/vocesparalelas.com.ar\/sitio\/wp-content\/uploads\/2023\/11\/GOBIERNO-SAN-JUAN.jpg\" alt=\"\" width=\"800\" height=\"600\" srcset=\"https:\/\/vocesparalelas.com.ar\/sitio\/wp-content\/uploads\/2023\/11\/GOBIERNO-SAN-JUAN.jpg 800w, https:\/\/vocesparalelas.com.ar\/sitio\/wp-content\/uploads\/2023\/11\/GOBIERNO-SAN-JUAN-300x225.jpg 300w, https:\/\/vocesparalelas.com.ar\/sitio\/wp-content\/uploads\/2023\/11\/GOBIERNO-SAN-JUAN-768x576.jpg 768w\" sizes=\"auto, (max-width: 800px) 100vw, 800px\" \/><\/div>\n","protected":false},"excerpt":{"rendered":"<p>El gobernador de San Juan, Dr. Marcelo Orrego visit\u00f3 la obra que se ejecuta en la Quebrada de Zonda, que<\/p>\n","protected":false},"author":3,"featured_media":97367,"comment_status":"closed","ping_status":"closed","sticky":false,"template":"","format":"standard","meta":{"_acf_changed":false,"_seopress_robots_primary_cat":"none","_seopress_titles_title":"","_seopress_titles_desc":"","_seopress_robots_index":"","colormag_page_container_layout":"default_layout","colormag_page_sidebar_layout":"default_layout","footnotes":""},"categories":[1],"tags":[],"class_list":["post-97364","post","type-post","status-publish","format-standard","has-post-thumbnail","hentry","category-destacadas"],"acf":[],"_links":{"self":[{"href":"https:\/\/vocesparalelas.com.ar\/sitio\/wp-json\/wp\/v2\/posts\/97364","targetHints":{"allow":["GET"]}}],"collection":[{"href":"https:\/\/vocesparalelas.com.ar\/sitio\/wp-json\/wp\/v2\/posts"}],"about":[{"href":"https:\/\/vocesparalelas.com.ar\/sitio\/wp-json\/wp\/v2\/types\/post"}],"author":[{"embeddable":true,"href":"https:\/\/vocesparalelas.com.ar\/sitio\/wp-json\/wp\/v2\/users\/3"}],"replies":[{"embeddable":true,"href":"https:\/\/vocesparalelas.com.ar\/sitio\/wp-json\/wp\/v2\/comments?post=97364"}],"version-history":[{"count":1,"href":"https:\/\/vocesparalelas.com.ar\/sitio\/wp-json\/wp\/v2\/posts\/97364\/revisions"}],"predecessor-version":[{"id":97368,"href":"https:\/\/vocesparalelas.com.ar\/sitio\/wp-json\/wp\/v2\/posts\/97364\/revisions\/97368"}],"wp:featuredmedia":[{"embeddable":true,"href":"https:\/\/vocesparalelas.com.ar\/sitio\/wp-json\/wp\/v2\/media\/97367"}],"wp:attachment":[{"href":"https:\/\/vocesparalelas.com.ar\/sitio\/wp-json\/wp\/v2\/media?parent=97364"}],"wp:term":[{"taxonomy":"category","embeddable":true,"href":"https:\/\/vocesparalelas.com.ar\/sitio\/wp-json\/wp\/v2\/categories?post=97364"},{"taxonomy":"post_tag","embeddable":true,"href":"https:\/\/vocesparalelas.com.ar\/sitio\/wp-json\/wp\/v2\/tags?post=97364"}],"curies":[{"name":"wp","href":"https:\/\/api.w.org\/{rel}","templated":true}]}}