{"id":97360,"date":"2026-03-04T09:31:19","date_gmt":"2026-03-04T12:31:19","guid":{"rendered":"https:\/\/vocesparalelas.com.ar\/sitio\/?p=97360"},"modified":"2026-03-04T21:57:51","modified_gmt":"2026-03-05T00:57:51","slug":"tratamiento-especial-de-desinsectacion-en-la-casa-natal-de-sarmiento-en-san-juan","status":"publish","type":"post","link":"https:\/\/vocesparalelas.com.ar\/sitio\/tratamiento-especial-de-desinsectacion-en-la-casa-natal-de-sarmiento-en-san-juan\/","title":{"rendered":"Tratamiento especial de desinsectaci\u00f3n en la Casa Natal de Sarmiento en San Juan"},"content":{"rendered":"<p>El Museo y Biblioteca de la Casa Natal de Sarmiento permanece cerrado al p\u00fablico el Mi\u00e9rcoles, 4 y la ma\u00f1ana del Jueves, 5 de Marzo de 2026 por un tratamiento especial de desinsectaci\u00f3n contra vinchucas y otras plagas.<\/p>\n<p>El operativo consiste en la colocaci\u00f3n de Beta Cipermetrina en cada una de las salas de exposici\u00f3n permanente por el Programa Provincial de Control de Enfermedades de Transmisi\u00f3n Vectorial a cargo del Ministerio de Salud \u00a0del\u00a0 Gobierno de San Juan.<\/p>\n<p>Estas acciones forman parte del protocolo de preservaci\u00f3n del patrimonio hist\u00f3rico y cultural.<\/p>\n<p>Es importante destacar, que Jueves, 05 de Marzo, de 17 a 21 hs. abre sus puertas.<\/p>\n<p>&nbsp;<\/p>\n<p><img loading=\"lazy\" decoding=\"async\" class=\"alignnone size-large wp-image-25888\" src=\"https:\/\/vocesparalelas.com.ar\/sitio\/wp-content\/uploads\/2019\/12\/CASA-SARMIENTO-20-800x600.jpg\" alt=\"\" width=\"800\" height=\"600\" srcset=\"https:\/\/vocesparalelas.com.ar\/sitio\/wp-content\/uploads\/2019\/12\/CASA-SARMIENTO-20.jpg 800w, https:\/\/vocesparalelas.com.ar\/sitio\/wp-content\/uploads\/2019\/12\/CASA-SARMIENTO-20-300x225.jpg 300w, https:\/\/vocesparalelas.com.ar\/sitio\/wp-content\/uploads\/2019\/12\/CASA-SARMIENTO-20-768x576.jpg 768w\" sizes=\"auto, (max-width: 800px) 100vw, 800px\" \/><\/p>\n","protected":false},"excerpt":{"rendered":"<p>El Museo y Biblioteca de la Casa Natal de Sarmiento permanece cerrado al p\u00fablico el Mi\u00e9rcoles, 4 y la ma\u00f1ana<\/p>\n","protected":false},"author":3,"featured_media":83173,"comment_status":"closed","ping_status":"closed","sticky":false,"template":"","format":"standard","meta":{"_acf_changed":false,"_seopress_robots_primary_cat":"none","_seopress_titles_title":"","_seopress_titles_desc":"","_seopress_robots_index":"","colormag_page_container_layout":"default_layout","colormag_page_sidebar_layout":"default_layout","footnotes":""},"categories":[6],"tags":[],"class_list":["post-97360","post","type-post","status-publish","format-standard","has-post-thumbnail","hentry","category-eventos"],"acf":[],"_links":{"self":[{"href":"https:\/\/vocesparalelas.com.ar\/sitio\/wp-json\/wp\/v2\/posts\/97360","targetHints":{"allow":["GET"]}}],"collection":[{"href":"https:\/\/vocesparalelas.com.ar\/sitio\/wp-json\/wp\/v2\/posts"}],"about":[{"href":"https:\/\/vocesparalelas.com.ar\/sitio\/wp-json\/wp\/v2\/types\/post"}],"author":[{"embeddable":true,"href":"https:\/\/vocesparalelas.com.ar\/sitio\/wp-json\/wp\/v2\/users\/3"}],"replies":[{"embeddable":true,"href":"https:\/\/vocesparalelas.com.ar\/sitio\/wp-json\/wp\/v2\/comments?post=97360"}],"version-history":[{"count":1,"href":"https:\/\/vocesparalelas.com.ar\/sitio\/wp-json\/wp\/v2\/posts\/97360\/revisions"}],"predecessor-version":[{"id":97363,"href":"https:\/\/vocesparalelas.com.ar\/sitio\/wp-json\/wp\/v2\/posts\/97360\/revisions\/97363"}],"wp:featuredmedia":[{"embeddable":true,"href":"https:\/\/vocesparalelas.com.ar\/sitio\/wp-json\/wp\/v2\/media\/83173"}],"wp:attachment":[{"href":"https:\/\/vocesparalelas.com.ar\/sitio\/wp-json\/wp\/v2\/media?parent=97360"}],"wp:term":[{"taxonomy":"category","embeddable":true,"href":"https:\/\/vocesparalelas.com.ar\/sitio\/wp-json\/wp\/v2\/categories?post=97360"},{"taxonomy":"post_tag","embeddable":true,"href":"https:\/\/vocesparalelas.com.ar\/sitio\/wp-json\/wp\/v2\/tags?post=97360"}],"curies":[{"name":"wp","href":"https:\/\/api.w.org\/{rel}","templated":true}]}}