{"id":97356,"date":"2026-03-04T20:18:58","date_gmt":"2026-03-04T23:18:58","guid":{"rendered":"https:\/\/vocesparalelas.com.ar\/sitio\/?p=97356"},"modified":"2026-03-07T20:38:06","modified_gmt":"2026-03-07T23:38:06","slug":"feria-agroproductiva-de-san-juan-21","status":"publish","type":"post","link":"https:\/\/vocesparalelas.com.ar\/sitio\/feria-agroproductiva-de-san-juan-21\/","title":{"rendered":"Feria Agroproductiva de San Juan"},"content":{"rendered":"<p>La Feria Agroproductiva de San Juan inicia su calendario oficial el S\u00e1bado, 7 de Marzo, de 9 a 13:30 hs, en el Paseo de las Palmeras del Parque de Mayo, en el marco del D\u00eda de la Mujer y la presentaci\u00f3n de la Ruleta de Premios..<\/p>\n<p>En esta oportunidad, el encuentro tendr\u00e1 una tem\u00e1tica especial en homenaje al D\u00eda Internacional de la Mujer, con boxes de regalos y combos elaborados por los propios feriantes, pensados para celebrar y agasajar a las mujeres en su d\u00eda.<\/p>\n<p>M\u00e1s de 120 feriantes ofrecen frutas y verduras frescas, aceite de oliva y aceitunas, panificaci\u00f3n artesanal y saludable, vinos, conservas, miel, dulces y otros productos regionales que reflejan la identidad productiva de la provincia.<\/p>\n<p><img loading=\"lazy\" decoding=\"async\" class=\"alignnone size-large wp-image-5002\" src=\"https:\/\/vocesparalelas.com.ar\/sitio\/wp-content\/uploads\/2017\/09\/VERDURA-800x450.jpg\" alt=\"\" width=\"800\" height=\"450\" srcset=\"https:\/\/vocesparalelas.com.ar\/sitio\/wp-content\/uploads\/2017\/09\/VERDURA-800x450.jpg 800w, https:\/\/vocesparalelas.com.ar\/sitio\/wp-content\/uploads\/2017\/09\/VERDURA-300x169.jpg 300w, https:\/\/vocesparalelas.com.ar\/sitio\/wp-content\/uploads\/2017\/09\/VERDURA-768x432.jpg 768w, https:\/\/vocesparalelas.com.ar\/sitio\/wp-content\/uploads\/2017\/09\/VERDURA.jpg 1024w\" sizes=\"auto, (max-width: 800px) 100vw, 800px\" \/><\/p>\n<p>Como novedad, se realiza la presentaci\u00f3n oficial de la Ruleta de Premios, una propuesta l\u00fadica que busca incentivar el recorrido por los distintos stands. Quienes realicen dos compras a expositores diferentes podr\u00e1n participar y acceder a premios hasta agotar stock.<\/p>\n<p>Adem\u00e1s, organismos e instituciones p\u00fablicas est\u00e1n presentes brindando servicios e informaci\u00f3n a la comunidad:<br \/>\nEl Ministerio de Salud, a trav\u00e9s de la Divisi\u00f3n Epidemiolog\u00eda, actualizar\u00e1 gratuitamente el calendario de vacunaci\u00f3n mediante el Vacunatorio Central.<\/p>\n<p><img loading=\"lazy\" decoding=\"async\" class=\"alignnone size-full wp-image-71555\" src=\"https:\/\/vocesparalelas.com.ar\/sitio\/wp-content\/uploads\/2024\/04\/FERIA-AGROPRODUCTIVA-02.jpg\" alt=\"\" width=\"800\" height=\"533\" srcset=\"https:\/\/vocesparalelas.com.ar\/sitio\/wp-content\/uploads\/2024\/04\/FERIA-AGROPRODUCTIVA-02.jpg 800w, https:\/\/vocesparalelas.com.ar\/sitio\/wp-content\/uploads\/2024\/04\/FERIA-AGROPRODUCTIVA-02-300x200.jpg 300w, https:\/\/vocesparalelas.com.ar\/sitio\/wp-content\/uploads\/2024\/04\/FERIA-AGROPRODUCTIVA-02-768x512.jpg 768w\" sizes=\"auto, (max-width: 800px) 100vw, 800px\" \/><\/p>\n<p>El Ministerio de Gobierno cuenta con la participaci\u00f3n de la Secretar\u00eda de Relaciones Institucionales, la Direcci\u00f3n de Cultos y ONG \u2014con organizaciones inscriptas en el RUCO\u2014 y la Secretar\u00eda de Tr\u00e1nsito y Transporte, que ofrece asesoramiento y entrega de tarjetas SUBE.<\/p>\n<p><img loading=\"lazy\" decoding=\"async\" class=\"alignnone size-large wp-image-18849\" src=\"https:\/\/vocesparalelas.com.ar\/sitio\/wp-content\/uploads\/2019\/02\/TARJETA-SUBE-800x445.jpg\" alt=\"\" width=\"800\" height=\"445\" srcset=\"https:\/\/vocesparalelas.com.ar\/sitio\/wp-content\/uploads\/2019\/02\/TARJETA-SUBE-800x445.jpg 800w, https:\/\/vocesparalelas.com.ar\/sitio\/wp-content\/uploads\/2019\/02\/TARJETA-SUBE-300x167.jpg 300w, https:\/\/vocesparalelas.com.ar\/sitio\/wp-content\/uploads\/2019\/02\/TARJETA-SUBE-768x427.jpg 768w, https:\/\/vocesparalelas.com.ar\/sitio\/wp-content\/uploads\/2019\/02\/TARJETA-SUBE.jpg 1000w\" sizes=\"auto, (max-width: 800px) 100vw, 800px\" \/><\/p>\n<p>Por su parte, la Direcci\u00f3n de Sanidad Vegetal, Animal y Alimentos realiza el canje de botellas pl\u00e1sticas con tapa por una \u201cmatadora\u201d para la mosca de los frutos, adem\u00e1s de brindar informaci\u00f3n sobre control de plagas agr\u00edcolas y exhibir insectos biocontroladores producidos en la BioPlanta San Juan.<\/p>\n<p>La Feria Agroproductiva contin\u00faa consolid\u00e1ndose como un espacio de encuentro que promueve la producci\u00f3n local, impulsa h\u00e1bitos saludables y acerca servicios esenciales a la comunidad.<\/p>\n<p><img loading=\"lazy\" decoding=\"async\" class=\"alignnone size-full wp-image-65642\" src=\"https:\/\/vocesparalelas.com.ar\/sitio\/wp-content\/uploads\/2023\/11\/GOBIERNO-SAN-JUAN.jpg\" alt=\"\" width=\"800\" height=\"600\" srcset=\"https:\/\/vocesparalelas.com.ar\/sitio\/wp-content\/uploads\/2023\/11\/GOBIERNO-SAN-JUAN.jpg 800w, https:\/\/vocesparalelas.com.ar\/sitio\/wp-content\/uploads\/2023\/11\/GOBIERNO-SAN-JUAN-300x225.jpg 300w, https:\/\/vocesparalelas.com.ar\/sitio\/wp-content\/uploads\/2023\/11\/GOBIERNO-SAN-JUAN-768x576.jpg 768w\" sizes=\"auto, (max-width: 800px) 100vw, 800px\" \/><\/p>\n","protected":false},"excerpt":{"rendered":"<p>La Feria Agroproductiva de San Juan inicia su calendario oficial el S\u00e1bado, 7 de Marzo, de 9 a 13:30 hs,<\/p>\n","protected":false},"author":3,"featured_media":71556,"comment_status":"closed","ping_status":"closed","sticky":false,"template":"","format":"standard","meta":{"_acf_changed":false,"_seopress_robots_primary_cat":"none","_seopress_titles_title":"","_seopress_titles_desc":"","_seopress_robots_index":"","colormag_page_container_layout":"default_layout","colormag_page_sidebar_layout":"default_layout","footnotes":""},"categories":[6],"tags":[],"class_list":["post-97356","post","type-post","status-publish","format-standard","has-post-thumbnail","hentry","category-eventos"],"acf":[],"_links":{"self":[{"href":"https:\/\/vocesparalelas.com.ar\/sitio\/wp-json\/wp\/v2\/posts\/97356","targetHints":{"allow":["GET"]}}],"collection":[{"href":"https:\/\/vocesparalelas.com.ar\/sitio\/wp-json\/wp\/v2\/posts"}],"about":[{"href":"https:\/\/vocesparalelas.com.ar\/sitio\/wp-json\/wp\/v2\/types\/post"}],"author":[{"embeddable":true,"href":"https:\/\/vocesparalelas.com.ar\/sitio\/wp-json\/wp\/v2\/users\/3"}],"replies":[{"embeddable":true,"href":"https:\/\/vocesparalelas.com.ar\/sitio\/wp-json\/wp\/v2\/comments?post=97356"}],"version-history":[{"count":1,"href":"https:\/\/vocesparalelas.com.ar\/sitio\/wp-json\/wp\/v2\/posts\/97356\/revisions"}],"predecessor-version":[{"id":97359,"href":"https:\/\/vocesparalelas.com.ar\/sitio\/wp-json\/wp\/v2\/posts\/97356\/revisions\/97359"}],"wp:featuredmedia":[{"embeddable":true,"href":"https:\/\/vocesparalelas.com.ar\/sitio\/wp-json\/wp\/v2\/media\/71556"}],"wp:attachment":[{"href":"https:\/\/vocesparalelas.com.ar\/sitio\/wp-json\/wp\/v2\/media?parent=97356"}],"wp:term":[{"taxonomy":"category","embeddable":true,"href":"https:\/\/vocesparalelas.com.ar\/sitio\/wp-json\/wp\/v2\/categories?post=97356"},{"taxonomy":"post_tag","embeddable":true,"href":"https:\/\/vocesparalelas.com.ar\/sitio\/wp-json\/wp\/v2\/tags?post=97356"}],"curies":[{"name":"wp","href":"https:\/\/api.w.org\/{rel}","templated":true}]}}