{"id":97348,"date":"2026-03-03T22:49:00","date_gmt":"2026-03-04T01:49:00","guid":{"rendered":"https:\/\/vocesparalelas.com.ar\/sitio\/?p=97348"},"modified":"2026-03-03T22:49:00","modified_gmt":"2026-03-04T01:49:00","slug":"rivadavia-incorporo-3-movilidades-a-la-policia-comunal","status":"publish","type":"post","link":"https:\/\/vocesparalelas.com.ar\/sitio\/rivadavia-incorporo-3-movilidades-a-la-policia-comunal\/","title":{"rendered":"Rivadavia incorpor\u00f3 3 movilidades a la Polic\u00eda Comunal"},"content":{"rendered":"<p>Miodowsky sum\u00f3 tres nuevas movilidades 0 km para la Polic\u00eda Comunal y anunci\u00f3 una importante obra en el Barrio Aramburu<\/p>\n<p>El intendente de la Municipalidad de la Ciudad de Rivadavia, Sergio Miodowsky, present\u00f3 oficialmente tres nuevas movilidades cero kil\u00f3metro destinadas a la Polic\u00eda Comunal, con una inversi\u00f3n total de 90 millones de pesos financiados \u00edntegramente con recursos municipales.<\/p>\n<p><img loading=\"lazy\" decoding=\"async\" class=\"alignnone size-full wp-image-97351\" src=\"https:\/\/vocesparalelas.com.ar\/sitio\/wp-content\/uploads\/2026\/03\/RIVADAVIA-MOVILIDADES-01.jpg\" alt=\"\" width=\"800\" height=\"534\" srcset=\"https:\/\/vocesparalelas.com.ar\/sitio\/wp-content\/uploads\/2026\/03\/RIVADAVIA-MOVILIDADES-01.jpg 800w, https:\/\/vocesparalelas.com.ar\/sitio\/wp-content\/uploads\/2026\/03\/RIVADAVIA-MOVILIDADES-01-300x200.jpg 300w, https:\/\/vocesparalelas.com.ar\/sitio\/wp-content\/uploads\/2026\/03\/RIVADAVIA-MOVILIDADES-01-768x513.jpg 768w\" sizes=\"auto, (max-width: 800px) 100vw, 800px\" \/><\/p>\n<p>\u201cLa verdad que muy contento, porque seguimos sumando movilidades. En este caso, tres movilidades cero kil\u00f3metros para la Polic\u00eda Comunal y as\u00ed se completa el parque automotor trayendo mejoras para la calidad de vida de los vecinos\u201d, expres\u00f3 el jefe comunal.<\/p>\n<p>Con estas unidades, el municipio alcanza la movilidad n\u00famero 25 adquirida durante la gesti\u00f3n, fortaleciendo la mejora del parque automotor.<\/p>\n<p>\u201cEsta ser\u00eda la n\u00famero veinticinco y falta una sorpresa m\u00e1s, que seguramente dentro de un tiempo m\u00e1s se la vamos a presentar: la compra de una movilidad de 19 pasajeros que ya estamos ultimando detalles y en unos d\u00edas estaremos presentando\u201d, adelant\u00f3.<\/p>\n<p>Miodowsky record\u00f3 que la Polic\u00eda Comunal cumple un rol complementario en el departamento, \u201cla seguridad la hace la provincia. Nosotros colaboramos desde la Polic\u00eda Comunal poniendo los veh\u00edculos a disposici\u00f3n de la Secretar\u00eda de Seguridad y de la Polic\u00eda de San Juan\u201d.<\/p>\n<p><img loading=\"lazy\" decoding=\"async\" class=\"alignnone size-full wp-image-97353\" src=\"https:\/\/vocesparalelas.com.ar\/sitio\/wp-content\/uploads\/2026\/03\/RIVADAVIA-MOVILIDADES-03.jpg\" alt=\"\" width=\"800\" height=\"534\" srcset=\"https:\/\/vocesparalelas.com.ar\/sitio\/wp-content\/uploads\/2026\/03\/RIVADAVIA-MOVILIDADES-03.jpg 800w, https:\/\/vocesparalelas.com.ar\/sitio\/wp-content\/uploads\/2026\/03\/RIVADAVIA-MOVILIDADES-03-300x200.jpg 300w, https:\/\/vocesparalelas.com.ar\/sitio\/wp-content\/uploads\/2026\/03\/RIVADAVIA-MOVILIDADES-03-768x513.jpg 768w\" sizes=\"auto, (max-width: 800px) 100vw, 800px\" \/><\/p>\n<p>Durante la misma conferencia, el intendente brind\u00f3 una primicia sobre la intervenci\u00f3n que se realizar\u00e1 en el predio abandonado ubicado en el barrio Aramburu, colindante a Villa Lourdes.<\/p>\n<p>\u201cEl d\u00eda 1 de abril vamos a estar arrancando con una obra. Nosotros ten\u00edamos pensado hacer ah\u00ed unas salas velatorias, pero ante la negativa de los vecinos, nosotros creemos mucho en la escucha activa, salir a preguntarle a los vecinos qu\u00e9 opinan, qu\u00e9 obra quieren en la puerta de su barrio\u201d, explic\u00f3.<\/p>\n<p>Finalmente, se decidi\u00f3 avanzar con un sal\u00f3n de usos m\u00faltiples y un espacio verde con juegos y pista de salud, obra que demandar\u00e1 una inversi\u00f3n aproximada de entre 110 y 120 millones de pesos y tendr\u00e1 un plazo estimado de ejecuci\u00f3n de 90 a 120 d\u00edas.<\/p>\n<p>\u201cLo bueno es que vamos a refuncionalizar la estructura, porque est\u00e1 en buenas condiciones. Es un lugar de abandono, de desidia, de olvido. Lo importante es que lo vamos a reflotar y lo vamos a poner en valor para todos los vecinos\u201d, sostuvo.<\/p>\n<p>El intendente fue enf\u00e1tico respecto al car\u00e1cter p\u00fablico del proyecto: \u201cEs un lugar para que disfruten todos los vecinos\u201d.<\/p>\n<p>\u201cLa incorporaci\u00f3n de nuevas movilidades y la recuperaci\u00f3n de estos espacios consolidan una gesti\u00f3n que apuesta a la inversi\u00f3n sostenida y al fortalecimiento de los servicios municipales. Seguimos trabajando d\u00eda a d\u00eda para traer mejoras, mejor calidad de servicio y mejorar la calidad de vida de los vecinos\u201d, concluy\u00f3 el intendente.<\/p>\n<p>&nbsp;<\/p>\n<p><img loading=\"lazy\" decoding=\"async\" class=\"alignnone size-full wp-image-96825\" src=\"https:\/\/vocesparalelas.com.ar\/sitio\/wp-content\/uploads\/2026\/02\/RIVADAVIA-LOO-2026.jpg\" alt=\"\" width=\"800\" height=\"498\" srcset=\"https:\/\/vocesparalelas.com.ar\/sitio\/wp-content\/uploads\/2026\/02\/RIVADAVIA-LOO-2026.jpg 800w, https:\/\/vocesparalelas.com.ar\/sitio\/wp-content\/uploads\/2026\/02\/RIVADAVIA-LOO-2026-300x187.jpg 300w, https:\/\/vocesparalelas.com.ar\/sitio\/wp-content\/uploads\/2026\/02\/RIVADAVIA-LOO-2026-768x478.jpg 768w\" sizes=\"auto, (max-width: 800px) 100vw, 800px\" \/><\/p>\n","protected":false},"excerpt":{"rendered":"<p>Miodowsky sum\u00f3 tres nuevas movilidades 0 km para la Polic\u00eda Comunal y anunci\u00f3 una importante obra en el Barrio Aramburu<\/p>\n","protected":false},"author":3,"featured_media":97352,"comment_status":"closed","ping_status":"closed","sticky":false,"template":"","format":"standard","meta":{"_acf_changed":false,"_seopress_robots_primary_cat":"none","_seopress_titles_title":"","_seopress_titles_desc":"","_seopress_robots_index":"","colormag_page_container_layout":"default_layout","colormag_page_sidebar_layout":"default_layout","footnotes":""},"categories":[1],"tags":[],"class_list":["post-97348","post","type-post","status-publish","format-standard","has-post-thumbnail","hentry","category-destacadas"],"acf":[],"_links":{"self":[{"href":"https:\/\/vocesparalelas.com.ar\/sitio\/wp-json\/wp\/v2\/posts\/97348","targetHints":{"allow":["GET"]}}],"collection":[{"href":"https:\/\/vocesparalelas.com.ar\/sitio\/wp-json\/wp\/v2\/posts"}],"about":[{"href":"https:\/\/vocesparalelas.com.ar\/sitio\/wp-json\/wp\/v2\/types\/post"}],"author":[{"embeddable":true,"href":"https:\/\/vocesparalelas.com.ar\/sitio\/wp-json\/wp\/v2\/users\/3"}],"replies":[{"embeddable":true,"href":"https:\/\/vocesparalelas.com.ar\/sitio\/wp-json\/wp\/v2\/comments?post=97348"}],"version-history":[{"count":1,"href":"https:\/\/vocesparalelas.com.ar\/sitio\/wp-json\/wp\/v2\/posts\/97348\/revisions"}],"predecessor-version":[{"id":97354,"href":"https:\/\/vocesparalelas.com.ar\/sitio\/wp-json\/wp\/v2\/posts\/97348\/revisions\/97354"}],"wp:featuredmedia":[{"embeddable":true,"href":"https:\/\/vocesparalelas.com.ar\/sitio\/wp-json\/wp\/v2\/media\/97352"}],"wp:attachment":[{"href":"https:\/\/vocesparalelas.com.ar\/sitio\/wp-json\/wp\/v2\/media?parent=97348"}],"wp:term":[{"taxonomy":"category","embeddable":true,"href":"https:\/\/vocesparalelas.com.ar\/sitio\/wp-json\/wp\/v2\/categories?post=97348"},{"taxonomy":"post_tag","embeddable":true,"href":"https:\/\/vocesparalelas.com.ar\/sitio\/wp-json\/wp\/v2\/tags?post=97348"}],"curies":[{"name":"wp","href":"https:\/\/api.w.org\/{rel}","templated":true}]}}