{"id":97344,"date":"2026-03-05T21:33:03","date_gmt":"2026-03-06T00:33:03","guid":{"rendered":"https:\/\/vocesparalelas.com.ar\/sitio\/?p=97344"},"modified":"2026-03-06T23:08:41","modified_gmt":"2026-03-07T02:08:41","slug":"2o-laboratorio-abierto-el-genero-en-la-faud-de-la-unsj","status":"publish","type":"post","link":"https:\/\/vocesparalelas.com.ar\/sitio\/2o-laboratorio-abierto-el-genero-en-la-faud-de-la-unsj\/","title":{"rendered":"2\u00ba Laboratorio abierto \u00abEl g\u00e9nero en la FAUD\u00bb de la UNSJ"},"content":{"rendered":"<p>La Facultad de Arquitectura, Urbanismo y Dise\u00f1o de la Universidad Nacional de San Juan invita dos actividades parte la comunidad de la FAUD de la UNSJ, destinado a docente, nodocente, estudiante o egresado. Te esperan para construir actividades conjuntas en virtud del #8M.<\/p>\n<p><span style=\"color: #ff6600;\"><strong>Agenda<\/strong><\/span><\/p>\n<p>2\u00ba Laboratorio de g\u00e9nero FAUD, Mi\u00e9rcoles, 4 de Marzo, a las 16 hs.<\/p>\n<p>Materialidad FAUD, actividad en los Jardines del CUIM, el Martes. 17 de Marzo, a las 11 hs.<\/p>\n<p>En este contexto, Voces Paralelas desarroll\u00f3 una entrevista Period\u00edstica a las coordinadoras del 2\u00ba Laboratorio de g\u00e9nero FAUD, la Secretaria de Investigaci\u00f3n y Creaci\u00f3n Arq. Amelia Scognamillo y a la docente DG Eliana Perniche, quienes describieron las actividades en el marco del D\u00eda Internacional de la Mujer , quienes siguen dignificando su profesi\u00f3n o su lugar de trabajo en defensa de sus Derechos como mujer guerrera y luchadora en su rol dentro de la sociedad.<\/p>\n<p><iframe loading=\"lazy\" title=\"FAUD UNSJ ARQ AMELIA SCOGNAMILLO Y DG ELIANA PERNICHE \" width=\"800\" height=\"450\" src=\"https:\/\/www.youtube.com\/embed\/TobgBtVu_Ro?feature=oembed\" frameborder=\"0\" allow=\"accelerometer; autoplay; clipboard-write; encrypted-media; gyroscope; picture-in-picture; web-share\" referrerpolicy=\"strict-origin-when-cross-origin\" allowfullscreen><\/iframe><\/p>\n<p>&nbsp;<\/p>\n<div class=\"thim-ekit-team__member-position\"><\/div>\n<figure id=\"attachment_59382\" aria-describedby=\"caption-attachment-59382\" style=\"width: 800px\" class=\"wp-caption alignnone\"><img loading=\"lazy\" decoding=\"async\" class=\"size-full wp-image-59382\" src=\"https:\/\/vocesparalelas.com.ar\/sitio\/wp-content\/uploads\/2023\/05\/FAUD-EDIFICIO-01.jpg\" alt=\"\" width=\"800\" height=\"600\" srcset=\"https:\/\/vocesparalelas.com.ar\/sitio\/wp-content\/uploads\/2023\/05\/FAUD-EDIFICIO-01.jpg 800w, https:\/\/vocesparalelas.com.ar\/sitio\/wp-content\/uploads\/2023\/05\/FAUD-EDIFICIO-01-300x225.jpg 300w, https:\/\/vocesparalelas.com.ar\/sitio\/wp-content\/uploads\/2023\/05\/FAUD-EDIFICIO-01-768x576.jpg 768w\" sizes=\"auto, (max-width: 800px) 100vw, 800px\" \/><figcaption id=\"caption-attachment-59382\" class=\"wp-caption-text\">Facultad de Arquitectura, Urbanismo y Dise\u00f1o de la Universidad Nacional de San Juan, Rep\u00fablica Argentina<\/figcaption><\/figure>\n","protected":false},"excerpt":{"rendered":"<p>La Facultad de Arquitectura, Urbanismo y Dise\u00f1o de la Universidad Nacional de San Juan invita dos actividades parte la comunidad<\/p>\n","protected":false},"author":3,"featured_media":97429,"comment_status":"closed","ping_status":"closed","sticky":false,"template":"","format":"standard","meta":{"_acf_changed":false,"_seopress_robots_primary_cat":"none","_seopress_titles_title":"","_seopress_titles_desc":"","_seopress_robots_index":"","colormag_page_container_layout":"default_layout","colormag_page_sidebar_layout":"default_layout","footnotes":""},"categories":[9,7],"tags":[],"class_list":["post-97344","post","type-post","status-publish","format-standard","has-post-thumbnail","hentry","category-cursos","category-videos"],"acf":[],"_links":{"self":[{"href":"https:\/\/vocesparalelas.com.ar\/sitio\/wp-json\/wp\/v2\/posts\/97344","targetHints":{"allow":["GET"]}}],"collection":[{"href":"https:\/\/vocesparalelas.com.ar\/sitio\/wp-json\/wp\/v2\/posts"}],"about":[{"href":"https:\/\/vocesparalelas.com.ar\/sitio\/wp-json\/wp\/v2\/types\/post"}],"author":[{"embeddable":true,"href":"https:\/\/vocesparalelas.com.ar\/sitio\/wp-json\/wp\/v2\/users\/3"}],"replies":[{"embeddable":true,"href":"https:\/\/vocesparalelas.com.ar\/sitio\/wp-json\/wp\/v2\/comments?post=97344"}],"version-history":[{"count":3,"href":"https:\/\/vocesparalelas.com.ar\/sitio\/wp-json\/wp\/v2\/posts\/97344\/revisions"}],"predecessor-version":[{"id":97430,"href":"https:\/\/vocesparalelas.com.ar\/sitio\/wp-json\/wp\/v2\/posts\/97344\/revisions\/97430"}],"wp:featuredmedia":[{"embeddable":true,"href":"https:\/\/vocesparalelas.com.ar\/sitio\/wp-json\/wp\/v2\/media\/97429"}],"wp:attachment":[{"href":"https:\/\/vocesparalelas.com.ar\/sitio\/wp-json\/wp\/v2\/media?parent=97344"}],"wp:term":[{"taxonomy":"category","embeddable":true,"href":"https:\/\/vocesparalelas.com.ar\/sitio\/wp-json\/wp\/v2\/categories?post=97344"},{"taxonomy":"post_tag","embeddable":true,"href":"https:\/\/vocesparalelas.com.ar\/sitio\/wp-json\/wp\/v2\/tags?post=97344"}],"curies":[{"name":"wp","href":"https:\/\/api.w.org\/{rel}","templated":true}]}}