{"id":97331,"date":"2026-03-03T20:48:27","date_gmt":"2026-03-03T23:48:27","guid":{"rendered":"https:\/\/vocesparalelas.com.ar\/sitio\/?p=97331"},"modified":"2026-03-04T19:35:11","modified_gmt":"2026-03-04T22:35:11","slug":"se-presento-el-programa-impulsa-ciencia-para-fortalecer-el-ecosistema-cientifico-tecnologico-en-san-juan","status":"publish","type":"post","link":"https:\/\/vocesparalelas.com.ar\/sitio\/se-presento-el-programa-impulsa-ciencia-para-fortalecer-el-ecosistema-cientifico-tecnologico-en-san-juan\/","title":{"rendered":"Se present\u00f3 el Programa \u201cImpulsa Ciencia\u201d para fortalecer el ecosistema cient\u00edfico-tecnol\u00f3gico en San Juan"},"content":{"rendered":"<div class=\"itemImageBlock\">\n<div class=\"clr\">La Secretar\u00eda de Ciencia, Tecnolog\u00eda e Innovaci\u00f3n del Ministerio de Producci\u00f3n, Trabajo e Innovaci\u00f3n \u00a0del\u00a0 Gobierno de San Juan present\u00f3 un programa destinado a fortalecer el ecosistema cient\u00edfico-tecnol\u00f3gico provincial.<\/div>\n<div><\/div>\n<div class=\"clr\">Una inversi\u00f3n inicial de 200 millones de pesos para 2026, la iniciativa busca promover la movilidad acad\u00e9mica, la internacionalizaci\u00f3n del conocimiento y la divulgaci\u00f3n cient\u00edfica en todas sus formas.<\/div>\n<\/div>\n<div class=\"itemFullText\">\n<p>En una apuesta clara por el desarrollo del talento local y la producci\u00f3n de conocimiento, el gobierno de San Juan, a trav\u00e9s de la Secretar\u00eda de Ciencia, Tecnolog\u00eda e Innovaci\u00f3n, anunci\u00f3 el lanzamiento de \u201cImpulsa Ciencia\u201d.<\/p>\n<p>Se trata de un programa integral dise\u00f1ado para robustecer el entramado cient\u00edfico y tecnol\u00f3gico de la provincia, facilitando herramientas clave para la formaci\u00f3n y la visibilidad de la investigaci\u00f3n sanjuanina.<\/p>\n<p>\u201cEn esta instancia estamos anunciando el programa Impulsa Ciencia, que tiene como objetivo fortalecer todas las actividades que tienen los investigadores de nuestra provincia de San Juan.<\/p>\n<p>Desde el Ministerio de Producci\u00f3n Trabajo e Innovaci\u00f3n \u00a0del\u00a0 Gobierno de San Juan y la Secretar\u00eda de Ciencia y Tecnolog\u00eda, desde el momento que asumieron pusimos a disposici\u00f3n varias herramientas para el sistema cient\u00edfico tecnol\u00f3gico de la provincia de San Juan. Durante 2025 ten\u00edan herramientas con la movilidad y con la organizaci\u00f3n de congreso cient\u00edfico de los investigadores de la provincia de San Juan.<\/p>\n<p>Este programa suma m\u00e1s herramientas, m\u00e1s actividades, que les va a permitir a los investigadores internacionalizar la ciencia y realmente va a tener un impacto muy positivo, vamos a destinar 200 millones para el mismo\u201d, destac\u00f3 el titular de la Secretar\u00eda de Ciencia Tecnolog\u00eda e innovaci\u00f3n, German Von Euw.<\/p>\n<p>El programa contempla siete l\u00edneas de acci\u00f3n estrat\u00e9gicas que abarcan desde la movilidad de investigadores hasta la publicaci\u00f3n de trabajos especializados.<\/p>\n<p><span style=\"color: #ff6600;\"><strong>Iniciativas<\/strong><\/span><\/p>\n<ul>\n<li>Estad\u00edas cient\u00edficas<\/li>\n<li>Estad\u00edas cient\u00edficas inversas, que permitir\u00e1n la visita de especialistas a la provincia.<\/li>\n<li>Participaci\u00f3n en reuniones cient\u00edficas<\/li>\n<li>Organizaci\u00f3n de reuniones cient\u00edficas en San Juan<\/li>\n<li>Divulgaci\u00f3n cient\u00edfica, enfocada en la producci\u00f3n, edici\u00f3n o posproducci\u00f3n de materiales<\/li>\n<li>Publicaci\u00f3n de art\u00edculos cient\u00edficos<\/li>\n<li>Trabajos de campo en investigaci\u00f3n.<\/li>\n<\/ul>\n<p>Con una inversi\u00f3n inicial de $200.000.000 para el a\u00f1o 2026, \u201cImpulsa Ciencia\u201d est\u00e1 destinado a un amplio espectro de la comunidad acad\u00e9mica provincial. Pueden acceder a los beneficios estudiantes de grado universitario, becarios, docentes, investigadores y profesionales radicados en San Juan.<\/p>\n<p>Los interesados en formar parte de esta iniciativa ya pueden consultar las Bases y Condiciones del programa. La informaci\u00f3n est\u00e1 disponible en la p\u00e1gina oficial del Ministerio de Producci\u00f3n, Trabajo e Innovaci\u00f3n, a trav\u00e9s del enlace<\/p>\n<p><a href=\"https:\/\/produccion.sanjuan.gob.ar\/\">https:\/\/produccion.sanjuan.gob.ar\/<\/a><\/p>\n<p>o bien en la cuenta de Instagram oficial<\/p>\n<p><a href=\"https:\/\/www.instagram.com\/ceci.produccionsj\">https:\/\/www.instagram.com\/ceci.produccionsj<\/a><\/p>\n<p>Para consultas y mayor asistencia, la Direcci\u00f3n de Promoci\u00f3n de la Actividad Cient\u00edfica y Tecnol\u00f3gica, en el Centro C\u00edvico, 4\u00b0 piso, N\u00facleo 3, tambi\u00e9n recibe consultas a trav\u00e9s del correo electr\u00f3nico<\/p>\n<p><span id=\"cloak2b3c1b8b3d8277e6a56de194c56d0b37\"><a href=\"mailto:promocioncientifica@sanjuan.gov.ar\">promocioncientifica@sanjuan.gov.ar<\/a><\/span><\/p>\n<p>&nbsp;<\/p>\n<\/div>\n<p><img loading=\"lazy\" decoding=\"async\" class=\"alignnone size-full wp-image-65642\" src=\"https:\/\/vocesparalelas.com.ar\/sitio\/wp-content\/uploads\/2023\/11\/GOBIERNO-SAN-JUAN.jpg\" alt=\"\" width=\"800\" height=\"600\" srcset=\"https:\/\/vocesparalelas.com.ar\/sitio\/wp-content\/uploads\/2023\/11\/GOBIERNO-SAN-JUAN.jpg 800w, https:\/\/vocesparalelas.com.ar\/sitio\/wp-content\/uploads\/2023\/11\/GOBIERNO-SAN-JUAN-300x225.jpg 300w, https:\/\/vocesparalelas.com.ar\/sitio\/wp-content\/uploads\/2023\/11\/GOBIERNO-SAN-JUAN-768x576.jpg 768w\" sizes=\"auto, (max-width: 800px) 100vw, 800px\" \/><\/p>\n","protected":false},"excerpt":{"rendered":"<p>La Secretar\u00eda de Ciencia, Tecnolog\u00eda e Innovaci\u00f3n del Ministerio de Producci\u00f3n, Trabajo e Innovaci\u00f3n \u00a0del\u00a0 Gobierno de San Juan present\u00f3<\/p>\n","protected":false},"author":3,"featured_media":81598,"comment_status":"closed","ping_status":"closed","sticky":false,"template":"","format":"standard","meta":{"_acf_changed":false,"_seopress_robots_primary_cat":"none","_seopress_titles_title":"","_seopress_titles_desc":"","_seopress_robots_index":"","colormag_page_container_layout":"default_layout","colormag_page_sidebar_layout":"default_layout","footnotes":""},"categories":[8],"tags":[],"class_list":["post-97331","post","type-post","status-publish","format-standard","has-post-thumbnail","hentry","category-concursos"],"acf":[],"_links":{"self":[{"href":"https:\/\/vocesparalelas.com.ar\/sitio\/wp-json\/wp\/v2\/posts\/97331","targetHints":{"allow":["GET"]}}],"collection":[{"href":"https:\/\/vocesparalelas.com.ar\/sitio\/wp-json\/wp\/v2\/posts"}],"about":[{"href":"https:\/\/vocesparalelas.com.ar\/sitio\/wp-json\/wp\/v2\/types\/post"}],"author":[{"embeddable":true,"href":"https:\/\/vocesparalelas.com.ar\/sitio\/wp-json\/wp\/v2\/users\/3"}],"replies":[{"embeddable":true,"href":"https:\/\/vocesparalelas.com.ar\/sitio\/wp-json\/wp\/v2\/comments?post=97331"}],"version-history":[{"count":1,"href":"https:\/\/vocesparalelas.com.ar\/sitio\/wp-json\/wp\/v2\/posts\/97331\/revisions"}],"predecessor-version":[{"id":97334,"href":"https:\/\/vocesparalelas.com.ar\/sitio\/wp-json\/wp\/v2\/posts\/97331\/revisions\/97334"}],"wp:featuredmedia":[{"embeddable":true,"href":"https:\/\/vocesparalelas.com.ar\/sitio\/wp-json\/wp\/v2\/media\/81598"}],"wp:attachment":[{"href":"https:\/\/vocesparalelas.com.ar\/sitio\/wp-json\/wp\/v2\/media?parent=97331"}],"wp:term":[{"taxonomy":"category","embeddable":true,"href":"https:\/\/vocesparalelas.com.ar\/sitio\/wp-json\/wp\/v2\/categories?post=97331"},{"taxonomy":"post_tag","embeddable":true,"href":"https:\/\/vocesparalelas.com.ar\/sitio\/wp-json\/wp\/v2\/tags?post=97331"}],"curies":[{"name":"wp","href":"https:\/\/api.w.org\/{rel}","templated":true}]}}