{"id":97322,"date":"2026-03-03T20:07:01","date_gmt":"2026-03-03T23:07:01","guid":{"rendered":"https:\/\/vocesparalelas.com.ar\/sitio\/?p=97322"},"modified":"2026-03-04T23:34:07","modified_gmt":"2026-03-05T02:34:07","slug":"banco-san-juan-y-unidad-minera-de-servicios-financieros-de-grupo-petersen-participan-en-pdac-2026","status":"publish","type":"post","link":"https:\/\/vocesparalelas.com.ar\/sitio\/banco-san-juan-y-unidad-minera-de-servicios-financieros-de-grupo-petersen-participan-en-pdac-2026\/","title":{"rendered":"Banco San Juan y Unidad Minera de Servicios Financieros de Grupo Petersen participan en PDAC 2026"},"content":{"rendered":"<p>El Banco San Juan y la Unidad Minera de Servicios Financieros de Grupo Petersen participan en una nueva edici\u00f3n de la Prospectors &amp; Developers Association of Canada (PDAC 2026), el evento minero m\u00e1s relevante a nivel mundial que se desarrolla en Toronto, reafirmando su compromiso con el desarrollo del sector y su posicionamiento como socio estrat\u00e9gico de empresas, gobiernos y mercados de capitales.<\/p>\n<p>La delegaci\u00f3n est\u00e1 integrada por Alberto Rositano, gerente corporativo de miner\u00eda de Grupo Petersen y Laura Ropolo, asesora de la Unidad Minera GP, quienes llevan adelante una agenda institucional que combina participaci\u00f3n en espacios p\u00fablicos y una intensa serie de reuniones privadas con actores clave de la industria minera nacional e internacional.<\/p>\n<p>Durante la misi\u00f3n se mantienen encuentros con empresas mineras, entidades financieras internacionales, proveedores estrat\u00e9gicos y representantes de mercados de capitales como el grupo TMX. Asimismo, se desarrollan reuniones con autoridades y equipos de los gobiernos provinciales de San Juan, Santa Cruz, Mendoza, Catamarca y R\u00edo Negro, entre otros.<\/p>\n<p>La agenda comenz\u00f3 el pasado s\u00e1bado con la participaci\u00f3n en el Metal Investor Forum, acompa\u00f1ando a prospectos argentinos en instancias de vinculaci\u00f3n con inversores. El domingo, en el marco de la inauguraci\u00f3n oficial de la feria, se mantuvieron intercambios con compa\u00f1\u00edas interesadas en invertir en provincias como San Juan y Santa Cruz.<\/p>\n<p>El 2 de marzo estuvieron presentes en la inauguraci\u00f3n del stand de Fomicruz, y durante los d\u00edas 3 y 4 de marzo enfocar\u00e1n acciones orientadas a promover el financiamiento de proyectos mineros a trav\u00e9s del mercado de capitales, adem\u00e1s de participar en mesas de trabajo con ministros provinciales e inversores internacionales. En ese contexto, tambi\u00e9n acompa\u00f1ar\u00e1 como patrocinador del encuentro organizado por la C\u00e1mara Argentina de Empresas Mineras.<\/p>\n<p>Comprometida con el prop\u00f3sito de ser un socio estrat\u00e9gico para el crecimiento sostenible del sector, Banco San Juan y la Unidad Minera de Servicios Financieros de Grupo Petersen dicen presentes en PDAC 2026 y en cada espacio donde se impulsen oportunidades para fortalecer el desarrollo minero argentino en articulaci\u00f3n con el financiamiento global.<\/p>\n<p>&nbsp;<\/p>\n<p><img loading=\"lazy\" decoding=\"async\" class=\"alignnone size-full wp-image-58744\" src=\"https:\/\/vocesparalelas.com.ar\/sitio\/wp-content\/uploads\/2023\/05\/BSJ-LOGO.jpg\" alt=\"\" width=\"800\" height=\"533\" srcset=\"https:\/\/vocesparalelas.com.ar\/sitio\/wp-content\/uploads\/2023\/05\/BSJ-LOGO.jpg 800w, https:\/\/vocesparalelas.com.ar\/sitio\/wp-content\/uploads\/2023\/05\/BSJ-LOGO-300x200.jpg 300w, https:\/\/vocesparalelas.com.ar\/sitio\/wp-content\/uploads\/2023\/05\/BSJ-LOGO-768x512.jpg 768w\" sizes=\"auto, (max-width: 800px) 100vw, 800px\" \/><\/p>\n","protected":false},"excerpt":{"rendered":"<p>El Banco San Juan y la Unidad Minera de Servicios Financieros de Grupo Petersen participan en una nueva edici\u00f3n de<\/p>\n","protected":false},"author":3,"featured_media":97325,"comment_status":"closed","ping_status":"closed","sticky":false,"template":"","format":"standard","meta":{"_acf_changed":false,"_seopress_robots_primary_cat":"none","_seopress_titles_title":"","_seopress_titles_desc":"","_seopress_robots_index":"","colormag_page_container_layout":"default_layout","colormag_page_sidebar_layout":"default_layout","footnotes":""},"categories":[1,6],"tags":[],"class_list":["post-97322","post","type-post","status-publish","format-standard","has-post-thumbnail","hentry","category-destacadas","category-eventos"],"acf":[],"_links":{"self":[{"href":"https:\/\/vocesparalelas.com.ar\/sitio\/wp-json\/wp\/v2\/posts\/97322","targetHints":{"allow":["GET"]}}],"collection":[{"href":"https:\/\/vocesparalelas.com.ar\/sitio\/wp-json\/wp\/v2\/posts"}],"about":[{"href":"https:\/\/vocesparalelas.com.ar\/sitio\/wp-json\/wp\/v2\/types\/post"}],"author":[{"embeddable":true,"href":"https:\/\/vocesparalelas.com.ar\/sitio\/wp-json\/wp\/v2\/users\/3"}],"replies":[{"embeddable":true,"href":"https:\/\/vocesparalelas.com.ar\/sitio\/wp-json\/wp\/v2\/comments?post=97322"}],"version-history":[{"count":1,"href":"https:\/\/vocesparalelas.com.ar\/sitio\/wp-json\/wp\/v2\/posts\/97322\/revisions"}],"predecessor-version":[{"id":97326,"href":"https:\/\/vocesparalelas.com.ar\/sitio\/wp-json\/wp\/v2\/posts\/97322\/revisions\/97326"}],"wp:featuredmedia":[{"embeddable":true,"href":"https:\/\/vocesparalelas.com.ar\/sitio\/wp-json\/wp\/v2\/media\/97325"}],"wp:attachment":[{"href":"https:\/\/vocesparalelas.com.ar\/sitio\/wp-json\/wp\/v2\/media?parent=97322"}],"wp:term":[{"taxonomy":"category","embeddable":true,"href":"https:\/\/vocesparalelas.com.ar\/sitio\/wp-json\/wp\/v2\/categories?post=97322"},{"taxonomy":"post_tag","embeddable":true,"href":"https:\/\/vocesparalelas.com.ar\/sitio\/wp-json\/wp\/v2\/tags?post=97322"}],"curies":[{"name":"wp","href":"https:\/\/api.w.org\/{rel}","templated":true}]}}