{"id":97315,"date":"2026-03-03T14:10:27","date_gmt":"2026-03-03T17:10:27","guid":{"rendered":"https:\/\/vocesparalelas.com.ar\/sitio\/?p=97315"},"modified":"2026-03-03T22:52:08","modified_gmt":"2026-03-04T01:52:08","slug":"se-inauguro-el-eni-huellitas-de-amor-para-los-regalones-de-la-familia-del-departamento-ullum-de-san-juan","status":"publish","type":"post","link":"https:\/\/vocesparalelas.com.ar\/sitio\/se-inauguro-el-eni-huellitas-de-amor-para-los-regalones-de-la-familia-del-departamento-ullum-de-san-juan\/","title":{"rendered":"Se inaugur\u00f3 el ENI \u201cHuellitas de Amor\u201d para los regalones de la Familia del Departamento Ullum de San Juan"},"content":{"rendered":"<p>El gobernador de San Juan, Dr. Marcelo Orrego presidi\u00f3 la inauguraci\u00f3n del edificio de la Escuela de Nivel Inicial \u201cHuellitas de Amor\u201d, Barrio Jos\u00e9 Grimalt, Departamento Ullum.<\/p>\n<p>Esta obra es de vital importancia para la comunidad, ya que responde a la necesidad de contar con espacios pedag\u00f3gicos modernos y adecuados para el desarrollo educativo de los ni\u00f1os de la zona en sus primeros a\u00f1os de escolaridad.<\/p>\n<p>Durante la ceremonia, el mandatario provincial estuvo acompa\u00f1ado por el ministro de Infraestructura, Agua y Energ\u00eda, Arq. Fernando Perea; la ministra de Educaci\u00f3n, Lic. Silvia Fuentes, y el intendente de Ullum, David Dom\u00ednguez, la directora de la flamante escuela, Prof. M\u00f3nica Balmaceda, entre otras autoridades provinciales, directivos escolares y un nutrido grupo de vecinos que se acercaron para celebrar la concreci\u00f3n de este proyecto educativo.<\/p>\n<p><img loading=\"lazy\" decoding=\"async\" class=\"alignnone size-full wp-image-97318\" src=\"https:\/\/vocesparalelas.com.ar\/sitio\/wp-content\/uploads\/2026\/03\/ULLUM-ENI-01.jpg\" alt=\"\" width=\"800\" height=\"468\" srcset=\"https:\/\/vocesparalelas.com.ar\/sitio\/wp-content\/uploads\/2026\/03\/ULLUM-ENI-01.jpg 800w, https:\/\/vocesparalelas.com.ar\/sitio\/wp-content\/uploads\/2026\/03\/ULLUM-ENI-01-300x176.jpg 300w, https:\/\/vocesparalelas.com.ar\/sitio\/wp-content\/uploads\/2026\/03\/ULLUM-ENI-01-768x449.jpg 768w\" sizes=\"auto, (max-width: 800px) 100vw, 800px\" \/><\/p>\n<p>En su mensaje, gobernador de San Juan, Dr. Marcelo Orrego remarc\u00f3 que \u00abgracias al enorme trabajo del Ministerio de Infraestructura y de todo su equipo, hoy podemos decir que hemos realizado una tarea extraordinaria. Inaugurar una escuela genera una emoci\u00f3n profunda, porque no solo abrimos un edificio: abrimos oportunidades y futuro para nuestros chicos\u201d.<\/p>\n<p>\u00abEn poco tiempo estaremos inaugurando cinco o seis establecimientos m\u00e1s. Incluso en los momentos m\u00e1s dif\u00edciles de la Argentina, en medio de la peor crisis, decidimos no detener la obra p\u00fablica: dijimos que \u00edbamos a avanzar, y avanzamos. Hoy tenemos m\u00e1s de diez establecimientos escolares en construcci\u00f3n en distintos puntos de la provincia y vamos a seguir por este camino\u201d.<\/p>\n<p>\u201cEstamos aqu\u00ed para administrar con responsabilidad lo que es de todos, con esfuerzo y compromiso. Hay un equipo de trabajo convencido de que la educaci\u00f3n es esencial para la vida y el desarrollo de nuestra gente\u201d &#8211; sintetiz\u00f3 gobernador de San Juan, Dr. Marcelo Orrego.<\/p>\n<p>Por su parte, la ministra de Educaci\u00f3n, Lic. Silvia Fuentes remarc\u00f3 que \u201cesta obra es un s\u00edmbolo del apoyo y de la responsabilidad que nuestro gobernador Marcelo Orrego brinda a la educaci\u00f3n de la provincia de San Juan. Por eso hoy estamos inaugurando esta escuela y, adem\u00e1s, este a\u00f1o tenemos otras cuatro por inaugurar y m\u00e1s de cinco en construcci\u00f3n. Gracias, gobernador, por impulsar un verdadero proyecto de arquitectura educativa para la provincia. Estos hechos hablan claramente de su compromiso, de su dedicaci\u00f3n y de su firme decisi\u00f3n de gobernar poniendo a la educaci\u00f3n en el centro\u201d.<\/p>\n<p><iframe loading=\"lazy\" title=\"Orrego inaugur\u00f3 la ENI N\u00b0 81, clave para el futuro educativo en Ullum\" width=\"800\" height=\"450\" src=\"https:\/\/www.youtube.com\/embed\/z1P1EOQfpeM?feature=oembed\" frameborder=\"0\" allow=\"accelerometer; autoplay; clipboard-write; encrypted-media; gyroscope; picture-in-picture; web-share\" referrerpolicy=\"strict-origin-when-cross-origin\" allowfullscreen><\/iframe><\/p>\n<p><span style=\"color: #ff6600;\"><strong>Sobre el moderno edificio<\/strong><\/span><\/p>\n<p>La nueva infraestructura, cuya construcci\u00f3n se concret\u00f3 mediante fondos provinciales, posee una superficie total de 401,43 m2 y fue dise\u00f1ada bajo una tipolog\u00eda lineal que permite futuras ampliaciones.<\/p>\n<p>El edificio cuenta con un \u00e1rea pedag\u00f3gica compuesta por tres salas, un sector de gobierno para la direcci\u00f3n y un \u00e1rea de servicios que incluye cocina, dep\u00f3sitos y sanitarios espec\u00edficos para docentes y personal no docente.<\/p>\n<p>La estructura es sismorresistente con muros de ladrill\u00f3n y techos de losa de hormig\u00f3n armado con aislaci\u00f3n t\u00e9rmica y aire acondicionado fr\u00edo-calor en todos sus ambientes. El complejo educativo destaca por su car\u00e1cter inclusivo, ya que dispone de rampas de acceso, puertas de gran ancho y sanitarios adaptados para personas con discapacidad.<\/p>\n<p>Los espacios exteriores fueron equipados con un patio institucional con m\u00e1stil y torres de iluminaci\u00f3n, adem\u00e1s de un patio de juegos que cuenta con un piso de goma para mayor seguridad de los alumnos.<\/p>\n<p>Finalmente, el proyecto incorpor\u00f3 criterios de cuidado del medio ambiente mediante la plantaci\u00f3n de especies arb\u00f3reas nativas, la colocaci\u00f3n de cestos para la separaci\u00f3n de residuos y el uso de materiales que mejoran la inercia t\u00e9rmica del edificio frente al clima sanjuanino.<\/p>\n<p><img loading=\"lazy\" decoding=\"async\" class=\"alignnone size-full wp-image-65642\" src=\"https:\/\/vocesparalelas.com.ar\/sitio\/wp-content\/uploads\/2023\/11\/GOBIERNO-SAN-JUAN.jpg\" alt=\"\" width=\"800\" height=\"600\" srcset=\"https:\/\/vocesparalelas.com.ar\/sitio\/wp-content\/uploads\/2023\/11\/GOBIERNO-SAN-JUAN.jpg 800w, https:\/\/vocesparalelas.com.ar\/sitio\/wp-content\/uploads\/2023\/11\/GOBIERNO-SAN-JUAN-300x225.jpg 300w, https:\/\/vocesparalelas.com.ar\/sitio\/wp-content\/uploads\/2023\/11\/GOBIERNO-SAN-JUAN-768x576.jpg 768w\" sizes=\"auto, (max-width: 800px) 100vw, 800px\" \/><\/p>\n","protected":false},"excerpt":{"rendered":"<p>El gobernador de San Juan, Dr. Marcelo Orrego presidi\u00f3 la inauguraci\u00f3n del edificio de la Escuela de Nivel Inicial \u201cHuellitas<\/p>\n","protected":false},"author":3,"featured_media":97319,"comment_status":"closed","ping_status":"closed","sticky":false,"template":"","format":"standard","meta":{"_acf_changed":false,"_seopress_robots_primary_cat":"none","_seopress_titles_title":"","_seopress_titles_desc":"","_seopress_robots_index":"","colormag_page_container_layout":"default_layout","colormag_page_sidebar_layout":"default_layout","footnotes":""},"categories":[1,7],"tags":[],"class_list":["post-97315","post","type-post","status-publish","format-standard","has-post-thumbnail","hentry","category-destacadas","category-videos"],"acf":[],"_links":{"self":[{"href":"https:\/\/vocesparalelas.com.ar\/sitio\/wp-json\/wp\/v2\/posts\/97315","targetHints":{"allow":["GET"]}}],"collection":[{"href":"https:\/\/vocesparalelas.com.ar\/sitio\/wp-json\/wp\/v2\/posts"}],"about":[{"href":"https:\/\/vocesparalelas.com.ar\/sitio\/wp-json\/wp\/v2\/types\/post"}],"author":[{"embeddable":true,"href":"https:\/\/vocesparalelas.com.ar\/sitio\/wp-json\/wp\/v2\/users\/3"}],"replies":[{"embeddable":true,"href":"https:\/\/vocesparalelas.com.ar\/sitio\/wp-json\/wp\/v2\/comments?post=97315"}],"version-history":[{"count":3,"href":"https:\/\/vocesparalelas.com.ar\/sitio\/wp-json\/wp\/v2\/posts\/97315\/revisions"}],"predecessor-version":[{"id":97355,"href":"https:\/\/vocesparalelas.com.ar\/sitio\/wp-json\/wp\/v2\/posts\/97315\/revisions\/97355"}],"wp:featuredmedia":[{"embeddable":true,"href":"https:\/\/vocesparalelas.com.ar\/sitio\/wp-json\/wp\/v2\/media\/97319"}],"wp:attachment":[{"href":"https:\/\/vocesparalelas.com.ar\/sitio\/wp-json\/wp\/v2\/media?parent=97315"}],"wp:term":[{"taxonomy":"category","embeddable":true,"href":"https:\/\/vocesparalelas.com.ar\/sitio\/wp-json\/wp\/v2\/categories?post=97315"},{"taxonomy":"post_tag","embeddable":true,"href":"https:\/\/vocesparalelas.com.ar\/sitio\/wp-json\/wp\/v2\/tags?post=97315"}],"curies":[{"name":"wp","href":"https:\/\/api.w.org\/{rel}","templated":true}]}}