{"id":97297,"date":"2026-03-02T23:06:55","date_gmt":"2026-03-03T02:06:55","guid":{"rendered":"https:\/\/vocesparalelas.com.ar\/sitio\/?p=97297"},"modified":"2026-03-03T22:01:25","modified_gmt":"2026-03-04T01:01:25","slug":"disfruta-en-familia-la-vuelta-a-san-juan-damas-2026","status":"publish","type":"post","link":"https:\/\/vocesparalelas.com.ar\/sitio\/disfruta-en-familia-la-vuelta-a-san-juan-damas-2026\/","title":{"rendered":"Disfruta en familia la Vuelta a San Juan Damas 2026"},"content":{"rendered":"<p>En la sala de prensa Dante Pantuso del Estadio Dr. Aldo Cantoni, se present\u00f3 oficialmente la competencia muy esperada que se desarrolla desde el Martes, 3 al Domingo, 8 de Marzo la Vuelta a San Juan Damas 2026\u00a0 para disfruta en familia.<\/p>\n<p>Estuvieron presente el secretario de Deporte, Dr. Pablo Tabachnik; el presidente de la Agencia Deportes San Juan, Pablo Aubone; el subsecretario de Deportes Federados, Lic. Santiago de la Torre; Armando Ram\u00edrez, titular de la entidad organizadora y el director de la competencia, H\u00e9ctor Lucero,.<\/p>\n<p>En este contexto,\u00a0 H\u00e9ctor Lucero explic\u00f3 que \u201cpara la Vuelta Damas 2026 se cuenta con 150 corredoras y con un trazado un poco m\u00e1s reducido con los kil\u00f3metros porque unificamos algunas juniors de \u00faltima categor\u00eda, as\u00ed que dentro de los marcos de competencia pero s\u00ed se agrega una etapa m\u00e1s de lo que fue la primera edici\u00f3n y tenemos la intenci\u00f3n de agregar para el a\u00f1o que viene otra etapa para que llegue a ser una vuelta muy parecida a los del \u00e9lite, de varones. Arrancamos con el pr\u00f3logo a las 19 horas en Santa Luc\u00eda\u00bb.<\/p>\n<p>Finalmente, el secretario de Deporte, Dr. Pablo Tabachnik destac\u00f3 que \u00abel evento deportivo que comienza esta semana con 150 inscriptas y una experiencia detr\u00e1s que asegura que esta vuelta sea un \u00e9xito. Ojal\u00e1 el tiempo nos acompa\u00f1e y que no tengamos que estar sufriendo como fue en la edici\u00f3n masculina\u00bb.<\/p>\n<p>Las categor\u00edas participantes son cuatro:<\/p>\n<ul>\n<li>Junior, para nacidas en 2008 y 2009,<\/li>\n<li>Sub 23,<\/li>\n<li>Elite y<\/li>\n<li>M\u00e1ster (m\u00e1s de 50 a\u00f1os).<\/li>\n<li>Un pr\u00f3logo y cinco etapas en l\u00ednea con m\u00e1s de 300 kil\u00f3metros en total.<\/li>\n<\/ul>\n<p>Vuelta a San Juan Damas 2026 cuenta con la organizaci\u00f3n de Fundaci\u00f3n Planeta Ram\u00edrez, apoyo de\u00a0Federaci\u00f3n Ciclista Sanjuanina, fiscalizaci\u00f3n de\u00a0Federaci\u00f3n Argentina de Ciclismo de Pista y Ruta, y auspicio principal de\u00a0Gobierno de San Juan. Adem\u00e1s, el evento tambi\u00e9n tendr\u00e1 el respaldo de\u00a0Ministerio de Turismo, Cultura y Deporte\u00a0y\u00a0Agencia Deportes San Juan.<\/p>\n<p>Participaran de la competencia m\u00e1s de\u00a0150 ciclistas\u00a0de todo el pa\u00eds y de\u00a0Uruguay, Brasil, Bolivia y Chile.<\/p>\n<p><span style=\"color: #ff6600;\"><strong>Cronograma general de la competencia<\/strong><\/span><\/p>\n<ul>\n<li><strong>Etapa Pr\u00f3logo \u2013 Martes 3\/3 (Santa Luc\u00eda):<\/strong>\u00a019:00 Circuito urbano de 7,6 km por giro.<\/li>\n<li><strong>Etapa 1 \u2013 Mi\u00e9rcoles 4\/3 (Santa Luc\u00eda):<\/strong>\u00a016:00 Circuito urbano (3 vueltas). Total: 61,8 km.<\/li>\n<li><strong>Etapa 2 (contrarreloj individual) \u2013 Jueves 5\/3 (Rivadavia):<\/strong>\u00a016:00 Circuito por Av. Libertador y Ruta Provincial 60. 12,6 km por giro.<\/li>\n<li><strong>Etapa 3 \u2013 Viernes 6\/3 (Chimbas):<\/strong>\u00a016:00 9 vueltas. Total: 74,160 km.<\/li>\n<li><strong>Etapa 4 \u2013 S\u00e1bado 7\/3 (Sarmiento):<\/strong>\u00a016:00 Final en Alto del Pedernal. Total: 60,3 km.<\/li>\n<li><strong>Etapa 5 \u2013 Domingo 8\/3 (Capital):<\/strong>\u00a009:30 , 6 giros en Av. Circunvalaci\u00f3n. Total: 96 km.<\/li>\n<\/ul>\n<p><img loading=\"lazy\" decoding=\"async\" class=\"alignnone size-full wp-image-65642\" src=\"https:\/\/vocesparalelas.com.ar\/sitio\/wp-content\/uploads\/2023\/11\/GOBIERNO-SAN-JUAN.jpg\" alt=\"\" width=\"800\" height=\"600\" srcset=\"https:\/\/vocesparalelas.com.ar\/sitio\/wp-content\/uploads\/2023\/11\/GOBIERNO-SAN-JUAN.jpg 800w, https:\/\/vocesparalelas.com.ar\/sitio\/wp-content\/uploads\/2023\/11\/GOBIERNO-SAN-JUAN-300x225.jpg 300w, https:\/\/vocesparalelas.com.ar\/sitio\/wp-content\/uploads\/2023\/11\/GOBIERNO-SAN-JUAN-768x576.jpg 768w\" sizes=\"auto, (max-width: 800px) 100vw, 800px\" \/><\/p>\n","protected":false},"excerpt":{"rendered":"<p>En la sala de prensa Dante Pantuso del Estadio Dr. Aldo Cantoni, se present\u00f3 oficialmente la competencia muy esperada que<\/p>\n","protected":false},"author":3,"featured_media":97300,"comment_status":"closed","ping_status":"closed","sticky":false,"template":"","format":"standard","meta":{"_acf_changed":false,"_seopress_robots_primary_cat":"none","_seopress_titles_title":"","_seopress_titles_desc":"","_seopress_robots_index":"","colormag_page_container_layout":"default_layout","colormag_page_sidebar_layout":"default_layout","footnotes":""},"categories":[6],"tags":[],"class_list":["post-97297","post","type-post","status-publish","format-standard","has-post-thumbnail","hentry","category-eventos"],"acf":[],"_links":{"self":[{"href":"https:\/\/vocesparalelas.com.ar\/sitio\/wp-json\/wp\/v2\/posts\/97297","targetHints":{"allow":["GET"]}}],"collection":[{"href":"https:\/\/vocesparalelas.com.ar\/sitio\/wp-json\/wp\/v2\/posts"}],"about":[{"href":"https:\/\/vocesparalelas.com.ar\/sitio\/wp-json\/wp\/v2\/types\/post"}],"author":[{"embeddable":true,"href":"https:\/\/vocesparalelas.com.ar\/sitio\/wp-json\/wp\/v2\/users\/3"}],"replies":[{"embeddable":true,"href":"https:\/\/vocesparalelas.com.ar\/sitio\/wp-json\/wp\/v2\/comments?post=97297"}],"version-history":[{"count":1,"href":"https:\/\/vocesparalelas.com.ar\/sitio\/wp-json\/wp\/v2\/posts\/97297\/revisions"}],"predecessor-version":[{"id":97301,"href":"https:\/\/vocesparalelas.com.ar\/sitio\/wp-json\/wp\/v2\/posts\/97297\/revisions\/97301"}],"wp:featuredmedia":[{"embeddable":true,"href":"https:\/\/vocesparalelas.com.ar\/sitio\/wp-json\/wp\/v2\/media\/97300"}],"wp:attachment":[{"href":"https:\/\/vocesparalelas.com.ar\/sitio\/wp-json\/wp\/v2\/media?parent=97297"}],"wp:term":[{"taxonomy":"category","embeddable":true,"href":"https:\/\/vocesparalelas.com.ar\/sitio\/wp-json\/wp\/v2\/categories?post=97297"},{"taxonomy":"post_tag","embeddable":true,"href":"https:\/\/vocesparalelas.com.ar\/sitio\/wp-json\/wp\/v2\/tags?post=97297"}],"curies":[{"name":"wp","href":"https:\/\/api.w.org\/{rel}","templated":true}]}}