{"id":97288,"date":"2026-03-02T23:20:17","date_gmt":"2026-03-03T02:20:17","guid":{"rendered":"https:\/\/vocesparalelas.com.ar\/sitio\/?p=97288"},"modified":"2026-03-03T21:43:56","modified_gmt":"2026-03-04T00:43:56","slug":"inscripcion-para-el-comedor-universitario-de-la-ffha-de-la-unsj","status":"publish","type":"post","link":"https:\/\/vocesparalelas.com.ar\/sitio\/inscripcion-para-el-comedor-universitario-de-la-ffha-de-la-unsj\/","title":{"rendered":"Inscripci\u00f3n para el Comedor Universitario de la FFHA de la UNSJ"},"content":{"rendered":"<p>El Comedor Universitario de la Universidad Nacional de San Juan que funciona en la Facultad de Filosof\u00eda, Humanidades y Artes abri\u00f3 la inscripci\u00f3n para que estudiantes puedan acceder al servicio.<\/p>\n<p>Los interesados pueden inscribirse\u00a0a trav\u00e9s del<a href=\"https:\/\/comedor.unsj.edu.ar\/login\" target=\"_blank\" rel=\"noopener\">\u00a0turnero digital<\/a>.<\/p>\n<p>En la FFHA el comedor Universitario comienza a brindar sus servicios en Marzo, cuando comience el dictado de clases.<\/p>\n<p>En cuanto a los\u00a0requisitos, cada estudiante regular debe haber rendido y aprobado dos materias en los 365 d\u00edas anteriores a la inscripci\u00f3n y, adem\u00e1s, deben generar un\u00a0nuevo usuario\u00a0en\u00a0<a href=\"https:\/\/comedor.unsj.edu.ar\/login\" target=\"_blank\" rel=\"noopener\">este enlace<\/a>. Se requiere el certificado de finalizaci\u00f3n del curso, que se entrega en la Oficina de Ingreso.<\/p>\n<p>Las\u00a0inscripciones\u00a0se realizan durante la\u00a0semana anterior a acceder al servicio, de Lunes a Viernes, de 8 a 23:59 hs.<\/p>\n<p>&nbsp;<\/p>\n<p><img loading=\"lazy\" decoding=\"async\" class=\"alignnone size-large wp-image-43889\" src=\"https:\/\/vocesparalelas.com.ar\/sitio\/wp-content\/uploads\/2021\/11\/FFHA-FRENTE-1-800x600.jpg\" alt=\"\" width=\"800\" height=\"600\" srcset=\"https:\/\/vocesparalelas.com.ar\/sitio\/wp-content\/uploads\/2021\/11\/FFHA-FRENTE-1-800x600.jpg 800w, https:\/\/vocesparalelas.com.ar\/sitio\/wp-content\/uploads\/2021\/11\/FFHA-FRENTE-1-300x225.jpg 300w, https:\/\/vocesparalelas.com.ar\/sitio\/wp-content\/uploads\/2021\/11\/FFHA-FRENTE-1-768x576.jpg 768w, https:\/\/vocesparalelas.com.ar\/sitio\/wp-content\/uploads\/2021\/11\/FFHA-FRENTE-1.jpg 1024w\" sizes=\"auto, (max-width: 800px) 100vw, 800px\" \/><\/p>\n","protected":false},"excerpt":{"rendered":"<p>El Comedor Universitario de la Universidad Nacional de San Juan que funciona en la Facultad de Filosof\u00eda, Humanidades y Artes<\/p>\n","protected":false},"author":3,"featured_media":2089,"comment_status":"closed","ping_status":"closed","sticky":false,"template":"","format":"standard","meta":{"_acf_changed":false,"_seopress_robots_primary_cat":"none","_seopress_titles_title":"","_seopress_titles_desc":"","_seopress_robots_index":"","colormag_page_container_layout":"default_layout","colormag_page_sidebar_layout":"default_layout","footnotes":""},"categories":[2],"tags":[],"class_list":["post-97288","post","type-post","status-publish","format-standard","has-post-thumbnail","hentry","category-convocatorias"],"acf":[],"_links":{"self":[{"href":"https:\/\/vocesparalelas.com.ar\/sitio\/wp-json\/wp\/v2\/posts\/97288","targetHints":{"allow":["GET"]}}],"collection":[{"href":"https:\/\/vocesparalelas.com.ar\/sitio\/wp-json\/wp\/v2\/posts"}],"about":[{"href":"https:\/\/vocesparalelas.com.ar\/sitio\/wp-json\/wp\/v2\/types\/post"}],"author":[{"embeddable":true,"href":"https:\/\/vocesparalelas.com.ar\/sitio\/wp-json\/wp\/v2\/users\/3"}],"replies":[{"embeddable":true,"href":"https:\/\/vocesparalelas.com.ar\/sitio\/wp-json\/wp\/v2\/comments?post=97288"}],"version-history":[{"count":2,"href":"https:\/\/vocesparalelas.com.ar\/sitio\/wp-json\/wp\/v2\/posts\/97288\/revisions"}],"predecessor-version":[{"id":97296,"href":"https:\/\/vocesparalelas.com.ar\/sitio\/wp-json\/wp\/v2\/posts\/97288\/revisions\/97296"}],"wp:featuredmedia":[{"embeddable":true,"href":"https:\/\/vocesparalelas.com.ar\/sitio\/wp-json\/wp\/v2\/media\/2089"}],"wp:attachment":[{"href":"https:\/\/vocesparalelas.com.ar\/sitio\/wp-json\/wp\/v2\/media?parent=97288"}],"wp:term":[{"taxonomy":"category","embeddable":true,"href":"https:\/\/vocesparalelas.com.ar\/sitio\/wp-json\/wp\/v2\/categories?post=97288"},{"taxonomy":"post_tag","embeddable":true,"href":"https:\/\/vocesparalelas.com.ar\/sitio\/wp-json\/wp\/v2\/tags?post=97288"}],"curies":[{"name":"wp","href":"https:\/\/api.w.org\/{rel}","templated":true}]}}