{"id":97272,"date":"2026-03-02T13:30:49","date_gmt":"2026-03-02T16:30:49","guid":{"rendered":"https:\/\/vocesparalelas.com.ar\/sitio\/?p=97272"},"modified":"2026-03-03T22:00:38","modified_gmt":"2026-03-04T01:00:38","slug":"talleres-marzo-2026-en-el-mercado-artesanal-luisa-escudero-de-san-juan","status":"publish","type":"post","link":"https:\/\/vocesparalelas.com.ar\/sitio\/talleres-marzo-2026-en-el-mercado-artesanal-luisa-escudero-de-san-juan\/","title":{"rendered":"Talleres \u00abMarzo 2026\u00bb en el Mercado Artesanal Luisa Escudero de San Juan"},"content":{"rendered":"<p>El Mercado Artesanal Tradicional Luisa Escudero del Ministerio de Turismo, Cultura y Deporte \u00a0del\u00a0 Gobierno de San Juan invita a los interesados a sumarse a su nueva propuesta de talleres que comienzan durante Marzo 2026. Con opciones gratuitas y aranceladas, las capacitaciones est\u00e1n orientadas a quienes deseen iniciarse en el mundo artesanal o perfeccionar sus conocimientos en distintas t\u00e9cnicas.<\/p>\n<ul>\n<li><span style=\"color: #ff6600;\"><strong>Taller de Crochet: Puntos B\u00e1sicos,<\/strong><\/span> a cargo de Anabela Luna, que se dicta los lunes 2 y 9 de marzo, de 9:30 a 11:30. Esta capacitaci\u00f3n consta de dos encuentros y es gratuita.<\/li>\n<li><strong><span style=\"color: #ff6600;\">Taller de Crochet: Puntillas,<\/span><\/strong> los viernes 6 y 13 de Marzo, de 9:30 a 11:30, a cargo de Anabela Luna. En este caso, la actividad es arancelada e incluye materiales.<\/li>\n<li><strong><span style=\"color: #ff6600;\">Taller de Telar,<\/span><\/strong> dictado por Patricia Casivar, los viernes 6, 13, 20 y 27 de Marzo, de 9 a 11, con una duraci\u00f3n de cuatro encuentros. Asimismo,<\/li>\n<li><strong><span style=\"color: #ff6600;\">Taller de Encordado,<\/span><\/strong> a cargo de Mar\u00eda Josefina Lucero, en modalidad de clase \u00fanica, el S\u00e1bado 7 de Marzo se realiza de 9 a 14.<\/li>\n<li><span style=\"color: #ff6600;\"><strong>Taller de Sublimaci\u00f3n Manual\u00a0<\/strong><\/span>\u00a0a cargo de Gabriela Lucero, el 7 y 14 de Marzo<\/li>\n<li>Taller de Joyer\u00eda Sustentable de Autor<strong>,<\/strong> ambos dictados por Gabriela Lucero los d\u00edas 7 y 14 de Marzo, en distintos horarios.<\/li>\n<li><strong><span style=\"color: #ff6600;\">Taller de Cer\u00e1mica<\/span><\/strong>, los S\u00e1bados 14 y 21 de Marzo, a cargo de Mariela Tanten.<\/li>\n<li><span style=\"color: #ff6600;\"><strong>Taller de Telar Vertical<\/strong><\/span> los Mi\u00e9rcoles y Viernes 18; 20; 25 y 27 de Marzo, a cargo de Mara Luna.<\/li>\n<li><span style=\"color: #ff6600;\"><strong>Taller de Impresi\u00f3n Bot\u00e1nica en Textiles,<\/strong> <\/span>a cargo de Elena Clavel, comienza el 28 de Marzo y contin\u00faa 11: 18 y 25 de Abril, brinda una propuesta innovadora que combina arte y naturaleza.<\/li>\n<\/ul>\n<p>Las actividades aranceladas incluyen materiales (salvo donde se especifica lo contrario) y cuentan con cupos limitados. Las inscripciones se realizan comunic\u00e1ndose telef\u00f3nicamente con cada capacitadora, seg\u00fan el taller elegido.<\/p>\n<p>De esta manera, el Mercado Artesanal Tradicional Luisa Escudero reafirma su compromiso con la promoci\u00f3n y preservaci\u00f3n de las t\u00e9cnicas artesanales, generando espacios de formaci\u00f3n, encuentro y desarrollo para la comunidad sanjuanina.<\/p>\n<p><img loading=\"lazy\" decoding=\"async\" class=\"alignnone size-full wp-image-80177\" src=\"https:\/\/vocesparalelas.com.ar\/sitio\/wp-content\/uploads\/2024\/12\/artesania-navidad-04.jpg\" alt=\"\" width=\"800\" height=\"533\" srcset=\"https:\/\/vocesparalelas.com.ar\/sitio\/wp-content\/uploads\/2024\/12\/artesania-navidad-04.jpg 800w, https:\/\/vocesparalelas.com.ar\/sitio\/wp-content\/uploads\/2024\/12\/artesania-navidad-04-300x200.jpg 300w, https:\/\/vocesparalelas.com.ar\/sitio\/wp-content\/uploads\/2024\/12\/artesania-navidad-04-768x512.jpg 768w\" sizes=\"auto, (max-width: 800px) 100vw, 800px\" \/><\/p>\n<p>&nbsp;<\/p>\n<p>&nbsp;<\/p>\n","protected":false},"excerpt":{"rendered":"<p>El Mercado Artesanal Tradicional Luisa Escudero del Ministerio de Turismo, Cultura y Deporte \u00a0del\u00a0 Gobierno de San Juan invita a<\/p>\n","protected":false},"author":3,"featured_media":10610,"comment_status":"closed","ping_status":"closed","sticky":false,"template":"","format":"standard","meta":{"_acf_changed":false,"_seopress_robots_primary_cat":"none","_seopress_titles_title":"","_seopress_titles_desc":"","_seopress_robots_index":"","colormag_page_container_layout":"default_layout","colormag_page_sidebar_layout":"default_layout","footnotes":""},"categories":[9],"tags":[],"class_list":["post-97272","post","type-post","status-publish","format-standard","has-post-thumbnail","hentry","category-cursos"],"acf":[],"_links":{"self":[{"href":"https:\/\/vocesparalelas.com.ar\/sitio\/wp-json\/wp\/v2\/posts\/97272","targetHints":{"allow":["GET"]}}],"collection":[{"href":"https:\/\/vocesparalelas.com.ar\/sitio\/wp-json\/wp\/v2\/posts"}],"about":[{"href":"https:\/\/vocesparalelas.com.ar\/sitio\/wp-json\/wp\/v2\/types\/post"}],"author":[{"embeddable":true,"href":"https:\/\/vocesparalelas.com.ar\/sitio\/wp-json\/wp\/v2\/users\/3"}],"replies":[{"embeddable":true,"href":"https:\/\/vocesparalelas.com.ar\/sitio\/wp-json\/wp\/v2\/comments?post=97272"}],"version-history":[{"count":1,"href":"https:\/\/vocesparalelas.com.ar\/sitio\/wp-json\/wp\/v2\/posts\/97272\/revisions"}],"predecessor-version":[{"id":97275,"href":"https:\/\/vocesparalelas.com.ar\/sitio\/wp-json\/wp\/v2\/posts\/97272\/revisions\/97275"}],"wp:featuredmedia":[{"embeddable":true,"href":"https:\/\/vocesparalelas.com.ar\/sitio\/wp-json\/wp\/v2\/media\/10610"}],"wp:attachment":[{"href":"https:\/\/vocesparalelas.com.ar\/sitio\/wp-json\/wp\/v2\/media?parent=97272"}],"wp:term":[{"taxonomy":"category","embeddable":true,"href":"https:\/\/vocesparalelas.com.ar\/sitio\/wp-json\/wp\/v2\/categories?post=97272"},{"taxonomy":"post_tag","embeddable":true,"href":"https:\/\/vocesparalelas.com.ar\/sitio\/wp-json\/wp\/v2\/tags?post=97272"}],"curies":[{"name":"wp","href":"https:\/\/api.w.org\/{rel}","templated":true}]}}