{"id":97260,"date":"2026-03-02T12:49:35","date_gmt":"2026-03-02T15:49:35","guid":{"rendered":"https:\/\/vocesparalelas.com.ar\/sitio\/?p=97260"},"modified":"2026-03-02T12:49:36","modified_gmt":"2026-03-02T15:49:36","slug":"san-juan-inicio-el-ciclo-lectivo-2026","status":"publish","type":"post","link":"https:\/\/vocesparalelas.com.ar\/sitio\/san-juan-inicio-el-ciclo-lectivo-2026\/","title":{"rendered":"San Juan inici\u00f3 el Ciclo Lectivo 2026"},"content":{"rendered":"<p>El Ministerio de Educaci\u00f3n \u00a0del\u00a0 Gobierno de San Juan dej\u00f3 formalmente inaugurado el Ciclo Lectivo 2026 para las instituciones de gesti\u00f3n estatal y privada de Educaci\u00f3n Inicial, Primaria, Educaci\u00f3n Primaria de J\u00f3venes y Adultos y Educaci\u00f3n Especial.<\/p>\n<p>El inicio de clases fue establecido oportunamente en el Calendario Escolar 2026 aprobado en Diciembre de 2025 y garantiza el cumplimiento de los 189 d\u00edas de clases, en l\u00ednea con el compromiso asumido en el Consejo Federal de Educaci\u00f3n.<\/p>\n<p>La comunidad educativa de la Escuela Fray Luis Beltr\u00e1n, Departamento Rawson, recibi\u00f3 a la ministra de Educaci\u00f3n, Lic. Silvia Fuentes, quien acompa\u00f1\u00f3 el acto de apertura y destac\u00f3 el valor del trabajo previo realizado en cada instituci\u00f3n para que el primer d\u00eda de clases sea un momento significativo para los estudiantes y sus familias.<\/p>\n<p><img loading=\"lazy\" decoding=\"async\" class=\"alignnone size-full wp-image-97266\" src=\"https:\/\/vocesparalelas.com.ar\/sitio\/wp-content\/uploads\/2026\/03\/CICLO-LECTIVO-2026-03.jpg\" alt=\"\" width=\"800\" height=\"534\" srcset=\"https:\/\/vocesparalelas.com.ar\/sitio\/wp-content\/uploads\/2026\/03\/CICLO-LECTIVO-2026-03.jpg 800w, https:\/\/vocesparalelas.com.ar\/sitio\/wp-content\/uploads\/2026\/03\/CICLO-LECTIVO-2026-03-300x200.jpg 300w, https:\/\/vocesparalelas.com.ar\/sitio\/wp-content\/uploads\/2026\/03\/CICLO-LECTIVO-2026-03-768x513.jpg 768w\" sizes=\"auto, (max-width: 800px) 100vw, 800px\" \/><\/p>\n<p>En simult\u00e1neo, directores de \u00e1rea y supervisores del Ministerio de Educaci\u00f3n participaron de los actos de inicio en distintos establecimientos de la provincia.<\/p>\n<p>En esta jornada tambi\u00e9n se concret\u00f3 un acto administrativo clave en el marco del Ingreso a la Docencia: la presentaci\u00f3n y toma de posesi\u00f3n de cargos por parte de los docentes que fueron designados recientemente.<\/p>\n<figure id=\"attachment_97265\" aria-describedby=\"caption-attachment-97265\" style=\"width: 800px\" class=\"wp-caption alignnone\"><img loading=\"lazy\" decoding=\"async\" class=\"size-full wp-image-97265\" src=\"https:\/\/vocesparalelas.com.ar\/sitio\/wp-content\/uploads\/2026\/03\/CICLO-LECTIVO-2026-02.jpg\" alt=\"\" width=\"800\" height=\"534\" srcset=\"https:\/\/vocesparalelas.com.ar\/sitio\/wp-content\/uploads\/2026\/03\/CICLO-LECTIVO-2026-02.jpg 800w, https:\/\/vocesparalelas.com.ar\/sitio\/wp-content\/uploads\/2026\/03\/CICLO-LECTIVO-2026-02-300x200.jpg 300w, https:\/\/vocesparalelas.com.ar\/sitio\/wp-content\/uploads\/2026\/03\/CICLO-LECTIVO-2026-02-768x513.jpg 768w\" sizes=\"auto, (max-width: 800px) 100vw, 800px\" \/><figcaption id=\"caption-attachment-97265\" class=\"wp-caption-text\">Ministra de Educaci\u00f3n, del Gobierno de San Juan, Lic. Silvia Fuentes<\/figcaption><\/figure>\n<p>Durante su mensaje, la ministra de Educaci\u00f3n, Lic. Silvia Fuentes puntualiz\u00f3 que \u00abcomo nos pide el gobernador Dr. Marcelo Orrego, vamos a seguir trabajando para transformar la educaci\u00f3n de San Juan a trav\u00e9s de programas y planes, con m\u00e1s tecnolog\u00eda en las aulas, con el boleto escolar gratuito y con acciones que garanticen mejores aprendizajes\u201d.<\/p>\n<p><img loading=\"lazy\" decoding=\"async\" class=\"alignnone size-full wp-image-28629\" src=\"https:\/\/vocesparalelas.com.ar\/sitio\/wp-content\/uploads\/2020\/05\/MINISTERIO-EDUCACION-SJ.jpg\" alt=\"\" width=\"800\" height=\"533\" srcset=\"https:\/\/vocesparalelas.com.ar\/sitio\/wp-content\/uploads\/2020\/05\/MINISTERIO-EDUCACION-SJ.jpg 800w, https:\/\/vocesparalelas.com.ar\/sitio\/wp-content\/uploads\/2020\/05\/MINISTERIO-EDUCACION-SJ-300x200.jpg 300w, https:\/\/vocesparalelas.com.ar\/sitio\/wp-content\/uploads\/2020\/05\/MINISTERIO-EDUCACION-SJ-768x512.jpg 768w\" sizes=\"auto, (max-width: 800px) 100vw, 800px\" \/><\/p>\n","protected":false},"excerpt":{"rendered":"<p>El Ministerio de Educaci\u00f3n \u00a0del\u00a0 Gobierno de San Juan dej\u00f3 formalmente inaugurado el Ciclo Lectivo 2026 para las instituciones de<\/p>\n","protected":false},"author":3,"featured_media":97264,"comment_status":"closed","ping_status":"closed","sticky":false,"template":"","format":"standard","meta":{"_acf_changed":false,"_seopress_robots_primary_cat":"none","_seopress_titles_title":"","_seopress_titles_desc":"","_seopress_robots_index":"","colormag_page_container_layout":"default_layout","colormag_page_sidebar_layout":"default_layout","footnotes":""},"categories":[1],"tags":[],"class_list":["post-97260","post","type-post","status-publish","format-standard","has-post-thumbnail","hentry","category-destacadas"],"acf":[],"_links":{"self":[{"href":"https:\/\/vocesparalelas.com.ar\/sitio\/wp-json\/wp\/v2\/posts\/97260","targetHints":{"allow":["GET"]}}],"collection":[{"href":"https:\/\/vocesparalelas.com.ar\/sitio\/wp-json\/wp\/v2\/posts"}],"about":[{"href":"https:\/\/vocesparalelas.com.ar\/sitio\/wp-json\/wp\/v2\/types\/post"}],"author":[{"embeddable":true,"href":"https:\/\/vocesparalelas.com.ar\/sitio\/wp-json\/wp\/v2\/users\/3"}],"replies":[{"embeddable":true,"href":"https:\/\/vocesparalelas.com.ar\/sitio\/wp-json\/wp\/v2\/comments?post=97260"}],"version-history":[{"count":1,"href":"https:\/\/vocesparalelas.com.ar\/sitio\/wp-json\/wp\/v2\/posts\/97260\/revisions"}],"predecessor-version":[{"id":97267,"href":"https:\/\/vocesparalelas.com.ar\/sitio\/wp-json\/wp\/v2\/posts\/97260\/revisions\/97267"}],"wp:featuredmedia":[{"embeddable":true,"href":"https:\/\/vocesparalelas.com.ar\/sitio\/wp-json\/wp\/v2\/media\/97264"}],"wp:attachment":[{"href":"https:\/\/vocesparalelas.com.ar\/sitio\/wp-json\/wp\/v2\/media?parent=97260"}],"wp:term":[{"taxonomy":"category","embeddable":true,"href":"https:\/\/vocesparalelas.com.ar\/sitio\/wp-json\/wp\/v2\/categories?post=97260"},{"taxonomy":"post_tag","embeddable":true,"href":"https:\/\/vocesparalelas.com.ar\/sitio\/wp-json\/wp\/v2\/tags?post=97260"}],"curies":[{"name":"wp","href":"https:\/\/api.w.org\/{rel}","templated":true}]}}