{"id":97248,"date":"2026-03-01T23:32:20","date_gmt":"2026-03-02T02:32:20","guid":{"rendered":"https:\/\/vocesparalelas.com.ar\/sitio\/?p=97248"},"modified":"2026-03-01T23:32:20","modified_gmt":"2026-03-02T02:32:20","slug":"san-juan-presente-en-la-apertura-de-sesiones-ordinarias-2026-del-congreso-de-la-nacion-argentina","status":"publish","type":"post","link":"https:\/\/vocesparalelas.com.ar\/sitio\/san-juan-presente-en-la-apertura-de-sesiones-ordinarias-2026-del-congreso-de-la-nacion-argentina\/","title":{"rendered":"San Juan presente en la apertura de sesiones ordinarias 2026 del Congreso de la Naci\u00f3n Argentina"},"content":{"rendered":"<p>El gobernador de San Juan, Dr. Marcelo Orrego, particip\u00f3 el Domingo, 1 de Marzo, en Buenos Aires\u00a0 de la apertura de sesiones ordinarias 2026 del Congreso de la Naci\u00f3n Argentina, con el discurso del presidente Economista Javier Milei.<\/p>\n<p>El acto se desarroll\u00f3 en el Congreso de la Naci\u00f3n Argentina tras ser invitado especialmente para formar parte de esta instancia institucional que marca el inicio del per\u00edodo legislativo 2026.<\/p>\n<p>Durante la ceremonia, gobernador de San Juan, Dr. Marcelo Orrego comparti\u00f3 la jornada junto a otros gobernadores de distintas provincias, en un encuentro que reuni\u00f3 a autoridades nacionales, legisladores y representantes del pa\u00eds en el marco de uno de los actos institucionales m\u00e1s importantes de la vida democr\u00e1tica argentina.<\/p>\n<p><img loading=\"lazy\" decoding=\"async\" class=\"alignnone size-large wp-image-26835\" src=\"https:\/\/vocesparalelas.com.ar\/sitio\/wp-content\/uploads\/2020\/03\/CONGRESO-NACIONAL-800x533.jpg\" alt=\"\" width=\"800\" height=\"533\" srcset=\"https:\/\/vocesparalelas.com.ar\/sitio\/wp-content\/uploads\/2020\/03\/CONGRESO-NACIONAL.jpg 800w, https:\/\/vocesparalelas.com.ar\/sitio\/wp-content\/uploads\/2020\/03\/CONGRESO-NACIONAL-300x200.jpg 300w, https:\/\/vocesparalelas.com.ar\/sitio\/wp-content\/uploads\/2020\/03\/CONGRESO-NACIONAL-768x512.jpg 768w\" sizes=\"auto, (max-width: 800px) 100vw, 800px\" \/><\/p>\n","protected":false},"excerpt":{"rendered":"<p>El gobernador de San Juan, Dr. Marcelo Orrego, particip\u00f3 el Domingo, 1 de Marzo, en Buenos Aires\u00a0 de la apertura<\/p>\n","protected":false},"author":3,"featured_media":97251,"comment_status":"closed","ping_status":"closed","sticky":false,"template":"","format":"standard","meta":{"_acf_changed":false,"_seopress_robots_primary_cat":"none","_seopress_titles_title":"","_seopress_titles_desc":"","_seopress_robots_index":"","colormag_page_container_layout":"default_layout","colormag_page_sidebar_layout":"default_layout","footnotes":""},"categories":[1],"tags":[],"class_list":["post-97248","post","type-post","status-publish","format-standard","has-post-thumbnail","hentry","category-destacadas"],"acf":[],"_links":{"self":[{"href":"https:\/\/vocesparalelas.com.ar\/sitio\/wp-json\/wp\/v2\/posts\/97248","targetHints":{"allow":["GET"]}}],"collection":[{"href":"https:\/\/vocesparalelas.com.ar\/sitio\/wp-json\/wp\/v2\/posts"}],"about":[{"href":"https:\/\/vocesparalelas.com.ar\/sitio\/wp-json\/wp\/v2\/types\/post"}],"author":[{"embeddable":true,"href":"https:\/\/vocesparalelas.com.ar\/sitio\/wp-json\/wp\/v2\/users\/3"}],"replies":[{"embeddable":true,"href":"https:\/\/vocesparalelas.com.ar\/sitio\/wp-json\/wp\/v2\/comments?post=97248"}],"version-history":[{"count":1,"href":"https:\/\/vocesparalelas.com.ar\/sitio\/wp-json\/wp\/v2\/posts\/97248\/revisions"}],"predecessor-version":[{"id":97252,"href":"https:\/\/vocesparalelas.com.ar\/sitio\/wp-json\/wp\/v2\/posts\/97248\/revisions\/97252"}],"wp:featuredmedia":[{"embeddable":true,"href":"https:\/\/vocesparalelas.com.ar\/sitio\/wp-json\/wp\/v2\/media\/97251"}],"wp:attachment":[{"href":"https:\/\/vocesparalelas.com.ar\/sitio\/wp-json\/wp\/v2\/media?parent=97248"}],"wp:term":[{"taxonomy":"category","embeddable":true,"href":"https:\/\/vocesparalelas.com.ar\/sitio\/wp-json\/wp\/v2\/categories?post=97248"},{"taxonomy":"post_tag","embeddable":true,"href":"https:\/\/vocesparalelas.com.ar\/sitio\/wp-json\/wp\/v2\/tags?post=97248"}],"curies":[{"name":"wp","href":"https:\/\/api.w.org\/{rel}","templated":true}]}}