{"id":97236,"date":"2026-02-28T18:06:03","date_gmt":"2026-02-28T21:06:03","guid":{"rendered":"https:\/\/vocesparalelas.com.ar\/sitio\/?p=97236"},"modified":"2026-03-03T00:08:50","modified_gmt":"2026-03-03T03:08:50","slug":"mega-outlet-por-el-cierre-de-temporada-en-san-juan","status":"publish","type":"post","link":"https:\/\/vocesparalelas.com.ar\/sitio\/mega-outlet-por-el-cierre-de-temporada-en-san-juan\/","title":{"rendered":"Mega Outlet por el cierre de temporada en San Juan"},"content":{"rendered":"<p>La C\u00e1mara de Comercio de San Juan anunci\u00f3 la realizaci\u00f3n del Mega Outlet, una iniciativa que se desarrolla desde el 2 al 15 de Marzo de 2026, en el marco del cierre de la temporada de verano en la provincia de San Juan.<\/p>\n<p>Durante estas dos semanas, los comercios adheridos ofrecer\u00e1n importantes descuentos, rebajas, saldos de temporada y promociones en todos los rubros, con el objetivo de incentivar las ventas y brindar a los consumidores la posibilidad de acceder a productos a precios especiales.<\/p>\n<p>Desde la entidad informaron que los locales participantes est\u00e1n debidamente identificados con los flyers institucionales oficiales, los cuales pueden consultarse en la p\u00e1gina web de la C\u00e1mara. Los locales que participen pueden descargar la carteler\u00eda oficial desde la p\u00e1gina web institucional o bien solicitarla directamente a la C\u00e1mara de Comercio de San Juan a trav\u00e9s del correo electr\u00f3nico habilitado\u00a0<a href=\"cccomerciosj@mail.com\">cccomerciosj@mail.com<\/a><\/p>\n<p>La propuesta busca dinamizar la actividad comercial local en un per\u00edodo clave del a\u00f1o, permitiendo a los comercios liberar stock de temporada, generar liquidez y prepararse para el recambio de mercader\u00eda de cara al oto\u00f1o\u2013invierno. En un contexto econ\u00f3mico desafiante, este tipo de iniciativas representa una herramienta concreta para fortalecer las ventas y sostener el movimiento en el sector.<\/p>\n<p>Al mismo tiempo, el Mega Outlet ofrece a los consumidores la posibilidad de acceder a productos de calidad con descuentos significativos, promociones especiales y saldos a precios accesibles, favoreciendo el consumo interno y el acompa\u00f1amiento al comercio sanjuanino.<\/p>\n<p>Desde la C\u00e1mara de Comercio de San Juan destacaron que la propuesta no solo apunta a incentivar las compras, sino tambi\u00e9n a consolidar el v\u00ednculo entre comerciantes y clientes, promoviendo una experiencia de compra atractiva y confiable en el cierre de la temporada estival.<\/p>\n<p>&nbsp;<\/p>\n<p><img loading=\"lazy\" decoding=\"async\" class=\"alignnone size-full wp-image-95512\" src=\"https:\/\/vocesparalelas.com.ar\/sitio\/wp-content\/uploads\/2026\/01\/CENTRO-COMERCIO-01.jpg\" alt=\"\" width=\"800\" height=\"454\" srcset=\"https:\/\/vocesparalelas.com.ar\/sitio\/wp-content\/uploads\/2026\/01\/CENTRO-COMERCIO-01.jpg 800w, https:\/\/vocesparalelas.com.ar\/sitio\/wp-content\/uploads\/2026\/01\/CENTRO-COMERCIO-01-300x170.jpg 300w, https:\/\/vocesparalelas.com.ar\/sitio\/wp-content\/uploads\/2026\/01\/CENTRO-COMERCIO-01-768x436.jpg 768w\" sizes=\"auto, (max-width: 800px) 100vw, 800px\" \/><\/p>\n","protected":false},"excerpt":{"rendered":"<p>La C\u00e1mara de Comercio de San Juan anunci\u00f3 la realizaci\u00f3n del Mega Outlet, una iniciativa que se desarrolla desde el<\/p>\n","protected":false},"author":3,"featured_media":97239,"comment_status":"closed","ping_status":"closed","sticky":false,"template":"","format":"standard","meta":{"_acf_changed":false,"_seopress_robots_primary_cat":"none","_seopress_titles_title":"","_seopress_titles_desc":"","_seopress_robots_index":"","colormag_page_container_layout":"default_layout","colormag_page_sidebar_layout":"default_layout","footnotes":""},"categories":[6],"tags":[],"class_list":["post-97236","post","type-post","status-publish","format-standard","has-post-thumbnail","hentry","category-eventos"],"acf":[],"_links":{"self":[{"href":"https:\/\/vocesparalelas.com.ar\/sitio\/wp-json\/wp\/v2\/posts\/97236","targetHints":{"allow":["GET"]}}],"collection":[{"href":"https:\/\/vocesparalelas.com.ar\/sitio\/wp-json\/wp\/v2\/posts"}],"about":[{"href":"https:\/\/vocesparalelas.com.ar\/sitio\/wp-json\/wp\/v2\/types\/post"}],"author":[{"embeddable":true,"href":"https:\/\/vocesparalelas.com.ar\/sitio\/wp-json\/wp\/v2\/users\/3"}],"replies":[{"embeddable":true,"href":"https:\/\/vocesparalelas.com.ar\/sitio\/wp-json\/wp\/v2\/comments?post=97236"}],"version-history":[{"count":1,"href":"https:\/\/vocesparalelas.com.ar\/sitio\/wp-json\/wp\/v2\/posts\/97236\/revisions"}],"predecessor-version":[{"id":97240,"href":"https:\/\/vocesparalelas.com.ar\/sitio\/wp-json\/wp\/v2\/posts\/97236\/revisions\/97240"}],"wp:featuredmedia":[{"embeddable":true,"href":"https:\/\/vocesparalelas.com.ar\/sitio\/wp-json\/wp\/v2\/media\/97239"}],"wp:attachment":[{"href":"https:\/\/vocesparalelas.com.ar\/sitio\/wp-json\/wp\/v2\/media?parent=97236"}],"wp:term":[{"taxonomy":"category","embeddable":true,"href":"https:\/\/vocesparalelas.com.ar\/sitio\/wp-json\/wp\/v2\/categories?post=97236"},{"taxonomy":"post_tag","embeddable":true,"href":"https:\/\/vocesparalelas.com.ar\/sitio\/wp-json\/wp\/v2\/tags?post=97236"}],"curies":[{"name":"wp","href":"https:\/\/api.w.org\/{rel}","templated":true}]}}