{"id":97232,"date":"2026-02-28T20:21:58","date_gmt":"2026-02-28T23:21:58","guid":{"rendered":"https:\/\/vocesparalelas.com.ar\/sitio\/?p=97232"},"modified":"2026-03-01T23:36:18","modified_gmt":"2026-03-02T02:36:18","slug":"una-luz-que-nos-sostiene","status":"publish","type":"post","link":"https:\/\/vocesparalelas.com.ar\/sitio\/una-luz-que-nos-sostiene\/","title":{"rendered":"Una luz que nos sostiene"},"content":{"rendered":"<p>Por el Arzobispo de San Juan de Cuyo, Monse\u00f1or Jorge Lozano<\/p>\n<p>Los tiempos dif\u00edciles solemos representarlos con la oscuridad, una imagen que nos dice mucho. Hay momentos en que todo parece confuso, pesado y el horizonte se nubla. Nos cuesta encontrar sentido a lo que hacemos y sucede. En esas circunstancias es importante acudir a la memoria de las experiencias luminosas.<\/p>\n<p>Este segundo domingo del camino Cuaresmal nos invita a detenernos y contemplar el misterio de la luz en medio de la oscuridad. Es un tiempo de b\u00fasqueda, de senderos que a veces parecen sombr\u00edos, de preguntas profundas y desaf\u00edos personales y comunitarios. Pero en este recorrido, el Evangelio nos regala una escena muy especial: la transfiguraci\u00f3n de Jes\u00fas en el monte. Es una experiencia que nos revela el valor de la luz que nos sostiene cuando todo pareciera entrar en penumbras.<\/p>\n<p>El relato evang\u00e9lico (Mateo 17, 1-9) nos cuenta que Jes\u00fas llev\u00f3 a Pedro, Santiago y Juan a un monte elevado. All\u00ed, ante ellos, su rostro resplandece como el sol y sus vestiduras se vuelven blancas como la luz. Es un momento de profunda revelaci\u00f3n: los disc\u00edpulos ven a Jes\u00fas en su gloria, acompa\u00f1ado por Mois\u00e9s y El\u00edas, figuras centrales de la historia de Israel. En medio de esa experiencia, una voz desde la nube dice: \u201cEste es mi Hijo muy querido, esc\u00fachenlo\u201d.<\/p>\n<p>Los tres disc\u00edpulos quedan profundamente impactados. Pedro, impulsivo como siempre, quiere quedarse all\u00ed, perpetuar ese instante luminoso, pero la\u00a0 \u00a0experiencia no dura mucho. Pronto, se ven envueltos en temor y confusi\u00f3n,<br \/>\nhasta que Jes\u00fas se acerca, los toca y les dice: \u201cLev\u00e1ntense, no tengan miedo\u201d. En ese gesto, se revela la ternura y el sost\u00e9n de Jes\u00fas en los momentos de mayor incertidumbre.<\/p>\n<p>Ellos representan nuestra propia b\u00fasqueda. Pedro, Santiago y Juan suben al monte junto a Jes\u00fas, seguramente arrastrando sus dudas y preocupaciones.<\/p>\n<p>All\u00ed, en la altura, \u00a1se les revela la divinidad de Jes\u00fas! Se les muestra que hay algo m\u00e1s all\u00e1 de lo visible y cotidiano. Esa luz transforma sus miedos en esperanza. Estos tres son los que ver\u00e1n a este Jes\u00fas (ahora luminoso) abatido y sudando gotas de sangre antes de la pasi\u00f3n, rezando en el monte de los olivos (Mateo 26, 37-39). A veces necesitamos subir a nuestro propio \u201cmonte\u201d para descubrir una perspectiva nueva y renovadora.<\/p>\n<p>La transfiguraci\u00f3n no ocurre en soledad; Jes\u00fas la comparte con sus amigos. Esto nos invita a descubrir la importancia de sostenernos unos a otros en las pruebas. La fe se fortalece cuando es acompa\u00f1ada y compartida. En<br \/>\ncomunidad, podemos ser reflejo de la luz de Cristo para quienes est\u00e1n pasando por momentos oscuros. Nos necesitamos mutuamente para salir del miedo y caminar con esperanza.<\/p>\n<p>La voz del Padre resuena en el coraz\u00f3n del Evangelio: escuchar a Jes\u00fas es clave para encontrar sentido, fuerza y direcci\u00f3n. Muchas veces escuchamos voces que nos desalientan, que nos hacen dudar de nuestro valor o de la<br \/>\nposibilidad de cambiar.<\/p>\n<p>La transfiguraci\u00f3n no es solo un momento extraordinario; al final, los disc\u00edpulos deben bajar del monte. Es decir, volver a la vida diaria, a los desaf\u00edos, a las rutinas. Pero bajan transformados, con la experiencia de la luz grabada en el coraz\u00f3n. As\u00ed tambi\u00e9n nosotros: estamos llamados a llevar esa luz, ese sost\u00e9n, a nuestra vida cotidiana, a nuestros v\u00ednculos, trabajos y dificultades. La espiritualidad se hace concreta cuando ilumina y sostiene nuestra existencia cotidiana.<\/p>\n<p>En este segundo domingo de Cuaresma, se nos invita a ser luz para otros, a sostenernos mutuamente, a escuchar a Jes\u00fas y a no temer. Que cada uno de nosotros pueda decir: \u201cSe\u00f1or, me apoyo en tu luz\u201d y que nos impulse a<br \/>\nlevantarnos y acompa\u00f1ar a quienes lo necesitan. Que, al bajar del monte, llevemos en el coraz\u00f3n la certeza de la luz de Cristo que nos sostiene y nos invita a ser esperanza para la comunidad.<\/p>\n<p><iframe loading=\"lazy\" title=\"SAN JUAN MONSE\u00d1OR JORGE LOZANO \" width=\"800\" height=\"450\" src=\"https:\/\/www.youtube.com\/embed\/E0FkQbCw1-I?feature=oembed\" frameborder=\"0\" allow=\"accelerometer; autoplay; clipboard-write; encrypted-media; gyroscope; picture-in-picture; web-share\" referrerpolicy=\"strict-origin-when-cross-origin\" allowfullscreen><\/iframe><\/p>\n<p>&nbsp;<\/p>\n<p><img loading=\"lazy\" decoding=\"async\" class=\"alignnone size-full wp-image-61416\" src=\"https:\/\/vocesparalelas.com.ar\/sitio\/wp-content\/uploads\/2023\/07\/ARZOBISPADO-EDIFICIO.jpg\" alt=\"\" width=\"800\" height=\"600\" srcset=\"https:\/\/vocesparalelas.com.ar\/sitio\/wp-content\/uploads\/2023\/07\/ARZOBISPADO-EDIFICIO.jpg 800w, https:\/\/vocesparalelas.com.ar\/sitio\/wp-content\/uploads\/2023\/07\/ARZOBISPADO-EDIFICIO-300x225.jpg 300w, https:\/\/vocesparalelas.com.ar\/sitio\/wp-content\/uploads\/2023\/07\/ARZOBISPADO-EDIFICIO-768x576.jpg 768w\" sizes=\"auto, (max-width: 800px) 100vw, 800px\" \/><\/p>\n","protected":false},"excerpt":{"rendered":"<p>Por el Arzobispo de San Juan de Cuyo, Monse\u00f1or Jorge Lozano Los tiempos dif\u00edciles solemos representarlos con la oscuridad, una<\/p>\n","protected":false},"author":3,"featured_media":81112,"comment_status":"closed","ping_status":"closed","sticky":false,"template":"","format":"standard","meta":{"_acf_changed":false,"_seopress_robots_primary_cat":"none","_seopress_titles_title":"","_seopress_titles_desc":"","_seopress_robots_index":"","colormag_page_container_layout":"default_layout","colormag_page_sidebar_layout":"default_layout","footnotes":""},"categories":[10,7],"tags":[],"class_list":["post-97232","post","type-post","status-publish","format-standard","has-post-thumbnail","hentry","category-opiniones","category-videos"],"acf":[],"_links":{"self":[{"href":"https:\/\/vocesparalelas.com.ar\/sitio\/wp-json\/wp\/v2\/posts\/97232","targetHints":{"allow":["GET"]}}],"collection":[{"href":"https:\/\/vocesparalelas.com.ar\/sitio\/wp-json\/wp\/v2\/posts"}],"about":[{"href":"https:\/\/vocesparalelas.com.ar\/sitio\/wp-json\/wp\/v2\/types\/post"}],"author":[{"embeddable":true,"href":"https:\/\/vocesparalelas.com.ar\/sitio\/wp-json\/wp\/v2\/users\/3"}],"replies":[{"embeddable":true,"href":"https:\/\/vocesparalelas.com.ar\/sitio\/wp-json\/wp\/v2\/comments?post=97232"}],"version-history":[{"count":1,"href":"https:\/\/vocesparalelas.com.ar\/sitio\/wp-json\/wp\/v2\/posts\/97232\/revisions"}],"predecessor-version":[{"id":97235,"href":"https:\/\/vocesparalelas.com.ar\/sitio\/wp-json\/wp\/v2\/posts\/97232\/revisions\/97235"}],"wp:featuredmedia":[{"embeddable":true,"href":"https:\/\/vocesparalelas.com.ar\/sitio\/wp-json\/wp\/v2\/media\/81112"}],"wp:attachment":[{"href":"https:\/\/vocesparalelas.com.ar\/sitio\/wp-json\/wp\/v2\/media?parent=97232"}],"wp:term":[{"taxonomy":"category","embeddable":true,"href":"https:\/\/vocesparalelas.com.ar\/sitio\/wp-json\/wp\/v2\/categories?post=97232"},{"taxonomy":"post_tag","embeddable":true,"href":"https:\/\/vocesparalelas.com.ar\/sitio\/wp-json\/wp\/v2\/tags?post=97232"}],"curies":[{"name":"wp","href":"https:\/\/api.w.org\/{rel}","templated":true}]}}