{"id":97208,"date":"2026-02-27T20:15:03","date_gmt":"2026-02-27T23:15:03","guid":{"rendered":"https:\/\/vocesparalelas.com.ar\/sitio\/?p=97208"},"modified":"2026-03-01T23:59:54","modified_gmt":"2026-03-02T02:59:54","slug":"calendario-escolar-2026-de-san-juan","status":"publish","type":"post","link":"https:\/\/vocesparalelas.com.ar\/sitio\/calendario-escolar-2026-de-san-juan\/","title":{"rendered":"Calendario Escolar 2026 de San Juan"},"content":{"rendered":"<p>El Ministerio de Educaci\u00f3n del Gobierno de San Juan, informa que, mediante la Resoluci\u00f3n 1650-ME-2026, qued\u00f3 aprobado el Calendario Escolar 2026 para todos los niveles y modalidades del sistema educativo provincial.<\/p>\n<p>A continuaci\u00f3n, se detallan las fechas m\u00e1s relevantes, en tanto que el calendario completo puede descargarse desde<\/p>\n<p><a href=\"https:\/\/educacion.sanjuan.edu.ar\/mesj\/LinkClick.aspx?fileticket=0oj3me4UXxE%3d&amp;tabid=74&amp;mid=1290\">https:\/\/educacion.sanjuan.edu.ar\/mesj\/LinkClick.aspx?fileticket=0oj3me4UXxE%3d&amp;tabid=74&amp;mid=1290<\/a><\/p>\n<p><span style=\"color: #ff6600;\"><strong>Educaci\u00f3n Inicial<\/strong><\/span><\/p>\n<ul>\n<li>26 y 27 de febrero: proceso de reubicaci\u00f3n de estudiantes.<\/li>\n<li>02 de marzo: inicio de clases.<\/li>\n<li>06 de julio al 17 de julio: receso escolar de invierno.<\/li>\n<li>11 de diciembre: finalizaci\u00f3n del ciclo lectivo.<\/li>\n<li>14 al 16 de diciembre: per\u00edodo de inscripci\u00f3n Ciclo Lectivo 2027.<\/li>\n<\/ul>\n<p><span style=\"color: #ff6600;\"><strong>Educaci\u00f3n Primaria-UEPA-PROPA<\/strong><\/span><\/p>\n<ul>\n<li>26 y 27 de febrero: proceso de reubicaci\u00f3n de estudiantes.<\/li>\n<li>02 de marzo: inicio de clases.<\/li>\n<li>06 de julio al 17 de julio: receso escolar de invierno.<\/li>\n<li>09 al 15 de diciembre: instancia de fortalecimiento y recuperaci\u00f3n diciembre.<\/li>\n<li>18 de diciembre: finalizaci\u00f3n del ciclo lectivo.<\/li>\n<li>21 al 23 de diciembre: inscripci\u00f3n al Ciclo Lectivo 2027.<\/li>\n<\/ul>\n<p><span style=\"color: #ff6600;\"><strong>Educaci\u00f3n Secundaria Orientada y Art\u00edstica-EDJA-CENS<\/strong><\/span><\/p>\n<ul>\n<li>02 y 03 de marzo: matriculaci\u00f3n definitiva de estudiantes.<\/li>\n<li>04 de marzo: inicio del ciclo lectivo.<\/li>\n<li>16 al 18 de marzo: reubicaci\u00f3n de alumnos sin escuela asignada o cambio de domicilio.<\/li>\n<li>06 de julio al 17 de julio: receso escolar de invierno.<\/li>\n<li>18 de diciembre: cierre del ciclo lectivo.<\/li>\n<li>21 al 23 de diciembre: matriculaci\u00f3n alumnos de 1\u00b0 a\u00f1o Ciclo Lectivo 2027.<\/li>\n<\/ul>\n<p><span style=\"color: #ff6600;\"><strong>Educaci\u00f3n Secundaria T\u00e9cnica-Agrot\u00e9cnica-Formaci\u00f3n Profesional-Capacitaci\u00f3n Laboral<\/strong><\/span><\/p>\n<ul>\n<li>2 y 3 de marzo: matriculaci\u00f3n definitiva de estudiantes.<\/li>\n<li>04 de marzo: inicio del ciclo lectivo.<\/li>\n<li>16 al 18 de marzo: reubicaci\u00f3n de alumnos sin escuela asignada o cambio de domicilio.<\/li>\n<li>06 de julio al 17 de julio: receso escolar de invierno.<\/li>\n<li>18 de diciembre: cierre del ciclo lectivo.<\/li>\n<li>21 al 23 de diciembre: matriculaci\u00f3n alumnos de 1\u00b0 a\u00f1o Ciclo Lectivo 2027.<\/li>\n<\/ul>\n<p><span style=\"color: #ff6600;\"><strong>Educaci\u00f3n Superior<\/strong><\/span><\/p>\n<ul>\n<li>25 de marzo al 1 de abril: inscripci\u00f3n\/matriculaci\u00f3n al Ciclo Lectivo 2026.<\/li>\n<li>6 de abril: inicio Ciclo Lectivo 2026.<\/li>\n<li>6 de julio al 17 de julio: receso escolar de invierno.<\/li>\n<li>20 de noviembre: finalizaci\u00f3n del segundo cuatrimestre.<\/li>\n<\/ul>\n<p><span style=\"color: #ff6600;\"><strong>Educaci\u00f3n Especial<\/strong><\/span><\/p>\n<ul>\n<li>2 de marzo: inicio de clases.<\/li>\n<li>6 de julio al 17 de julio: receso escolar de invierno.<\/li>\n<li>11 de diciembre: finalizaci\u00f3n del ciclo lectivo.<\/li>\n<li>14 al 16 de diciembre: inscripci\u00f3n al Ciclo Lectivo 2027.<\/li>\n<\/ul>\n<p><span style=\"color: #ff6600;\"><strong>Gabinetes T\u00e9cnicos Interdisciplinarios<\/strong><\/span><\/p>\n<ul>\n<li>2 de marzo: Inicio de clases. Comienzo de la implementaci\u00f3n del programa anual destinado a diferentes niveles y modalidades.<\/li>\n<li>6 de julio al 17 de julio: receso escolar de invierno.<\/li>\n<li>14 de diciembre: cierre y entrega de informes.<\/li>\n<\/ul>\n<p><span style=\"color: #ff6600;\"><strong>Educaci\u00f3n No Formal<\/strong><\/span><\/p>\n<ul>\n<li>2 de marzo: inicio de clases.<\/li>\n<li>6 de julio al 17 de julio: receso escolar de invierno.<\/li>\n<li>18 de diciembre: finalizaci\u00f3n del ciclo lectivo.<\/li>\n<\/ul>\n<p><img loading=\"lazy\" decoding=\"async\" class=\"alignnone size-full wp-image-65642\" src=\"https:\/\/vocesparalelas.com.ar\/sitio\/wp-content\/uploads\/2023\/11\/GOBIERNO-SAN-JUAN.jpg\" alt=\"\" width=\"800\" height=\"600\" srcset=\"https:\/\/vocesparalelas.com.ar\/sitio\/wp-content\/uploads\/2023\/11\/GOBIERNO-SAN-JUAN.jpg 800w, https:\/\/vocesparalelas.com.ar\/sitio\/wp-content\/uploads\/2023\/11\/GOBIERNO-SAN-JUAN-300x225.jpg 300w, https:\/\/vocesparalelas.com.ar\/sitio\/wp-content\/uploads\/2023\/11\/GOBIERNO-SAN-JUAN-768x576.jpg 768w\" sizes=\"auto, (max-width: 800px) 100vw, 800px\" \/><\/p>\n","protected":false},"excerpt":{"rendered":"<p>El Ministerio de Educaci\u00f3n del Gobierno de San Juan, informa que, mediante la Resoluci\u00f3n 1650-ME-2026, qued\u00f3 aprobado el Calendario Escolar<\/p>\n","protected":false},"author":3,"featured_media":28629,"comment_status":"closed","ping_status":"closed","sticky":false,"template":"","format":"standard","meta":{"_acf_changed":false,"_seopress_robots_primary_cat":"none","_seopress_titles_title":"","_seopress_titles_desc":"","_seopress_robots_index":"","colormag_page_container_layout":"default_layout","colormag_page_sidebar_layout":"default_layout","footnotes":""},"categories":[5],"tags":[],"class_list":["post-97208","post","type-post","status-publish","format-standard","has-post-thumbnail","hentry","category-ofrecimientos"],"acf":[],"_links":{"self":[{"href":"https:\/\/vocesparalelas.com.ar\/sitio\/wp-json\/wp\/v2\/posts\/97208","targetHints":{"allow":["GET"]}}],"collection":[{"href":"https:\/\/vocesparalelas.com.ar\/sitio\/wp-json\/wp\/v2\/posts"}],"about":[{"href":"https:\/\/vocesparalelas.com.ar\/sitio\/wp-json\/wp\/v2\/types\/post"}],"author":[{"embeddable":true,"href":"https:\/\/vocesparalelas.com.ar\/sitio\/wp-json\/wp\/v2\/users\/3"}],"replies":[{"embeddable":true,"href":"https:\/\/vocesparalelas.com.ar\/sitio\/wp-json\/wp\/v2\/comments?post=97208"}],"version-history":[{"count":1,"href":"https:\/\/vocesparalelas.com.ar\/sitio\/wp-json\/wp\/v2\/posts\/97208\/revisions"}],"predecessor-version":[{"id":97211,"href":"https:\/\/vocesparalelas.com.ar\/sitio\/wp-json\/wp\/v2\/posts\/97208\/revisions\/97211"}],"wp:featuredmedia":[{"embeddable":true,"href":"https:\/\/vocesparalelas.com.ar\/sitio\/wp-json\/wp\/v2\/media\/28629"}],"wp:attachment":[{"href":"https:\/\/vocesparalelas.com.ar\/sitio\/wp-json\/wp\/v2\/media?parent=97208"}],"wp:term":[{"taxonomy":"category","embeddable":true,"href":"https:\/\/vocesparalelas.com.ar\/sitio\/wp-json\/wp\/v2\/categories?post=97208"},{"taxonomy":"post_tag","embeddable":true,"href":"https:\/\/vocesparalelas.com.ar\/sitio\/wp-json\/wp\/v2\/tags?post=97208"}],"curies":[{"name":"wp","href":"https:\/\/api.w.org\/{rel}","templated":true}]}}