{"id":97203,"date":"2026-02-27T20:06:58","date_gmt":"2026-02-27T23:06:58","guid":{"rendered":"https:\/\/vocesparalelas.com.ar\/sitio\/?p=97203"},"modified":"2026-03-03T00:48:54","modified_gmt":"2026-03-03T03:48:54","slug":"apoyo-al-reclamo-del-cin-y-declaro-la-emergencia-salarial-y-presupuestaria-de-la-uns","status":"publish","type":"post","link":"https:\/\/vocesparalelas.com.ar\/sitio\/apoyo-al-reclamo-del-cin-y-declaro-la-emergencia-salarial-y-presupuestaria-de-la-uns\/","title":{"rendered":"Apoyo al reclamo del CIN y declar\u00f3 la emergencia salarial y presupuestaria de la UNS"},"content":{"rendered":"<div class=\"box-sociales\">El Consejo Superior de la Universidad Nacional de San Juan (UNSJ) aprob\u00f3 por unanimidad la declaraci\u00f3n de emergencia salarial y presupuestaria de la instituci\u00f3n y expres\u00f3 su adhesi\u00f3n al comunicado emitido por el Consejo Interuniversitario Nacional (CIN), en el que se reclama el cumplimiento de la Ley de Financiamiento Universitario y la inmediata convocatoria a paritarias.<\/div>\n<div><\/div>\n<div class=\"box-sociales\">La decisi\u00f3n fue tomada el jueves 26 de febrero, durante la primera sesi\u00f3n del a\u00f1o, la cu\u00e1l tuvo car\u00e1cter de extraordinaria. En la apertura del encuentro, el rector Tadeo Berenguer brind\u00f3 un an\u00e1lisis sobre la situaci\u00f3n cr\u00edtica que atraviesa el sistema universitario p\u00fablico argentino y, en particular, la UNSJ, en el contexto de la no implementaci\u00f3n de la Ley N\u00ba 27.795 de Financiamiento de la Educaci\u00f3n Universitaria y Recomposici\u00f3n del Salario Docente.<\/div>\n<div><\/div>\n<div class=\"box-sociales\">Durante la reuni\u00f3n, tambi\u00e9n expresaron su opini\u00f3n representantes del frente gremial de la UNSJ (SIDUNSJ, ADICUS, UDA y APUNSJ) junto a la Federaci\u00f3n Universitaria, quienes coincidieron en la importancia de esta declaraci\u00f3n institucional frente al escenario actual.<\/div>\n<div class=\"box-text\">\n<p>En este marco, el Rector de la UNSJ, Ing. Tadeo Berenguer destac\u00f3 que \u00abel proceso de debate que permiti\u00f3 arribar a la resoluci\u00f3n y reafirm\u00f3 el posicionamiento institucional. El Consejo Superior, despu\u00e9s de un largo an\u00e1lisis e intercambio de ideas que enriquecen el amplio debate, cerr\u00f3 este comunicado en el cual la Universidad Nacional de San Juan se adhiere a los comunicados del Consejo Interuniversitario Nacional, donde se exige al Gobierno nacional que aplique la Ley 27.795, aprobada en octubre del a\u00f1o pasado y que a\u00fan no se implementa, la cual establece una recomposici\u00f3n salarial para docentes y nodocentes\u201d.<\/p>\n<p>En dicho comunicado, el CIN hab\u00eda ratificado que desde hace cuatro meses existe una ley aprobada por el Congreso de la Naci\u00f3n, cuyo cumplimiento corresponde al Poder Ejecutivo, y que establece la\u00a0inmediata convocatoria a paritarias\u00a0para los trabajadores y trabajadoras de las Universidades Nacionales, con el objetivo de recomponer la p\u00e9rdida del poder adquisitivo de los salarios. Asimismo, la norma prev\u00e9 la actualizaci\u00f3n de los gastos de funcionamiento, el sostenimiento del sistema cient\u00edfico y tecnol\u00f3gico y la actualizaci\u00f3n de los montos destinados a becas estudiantiles.<\/p>\n<p>El organismo tambi\u00e9n se\u00f1al\u00f3 que el cumplimiento efectivo de la ley resulta indispensable para garantizar el normal desarrollo de las actividades acad\u00e9micas y cient\u00edficas, consideradas estrat\u00e9gicas y fundamentales para el desarrollo del pa\u00eds. En ese sentido, advirti\u00f3 que la situaci\u00f3n actual no responde \u00fanicamente a una cuesti\u00f3n presupuestaria, sino que compromete las condiciones b\u00e1sicas necesarias para el funcionamiento del sistema universitario p\u00fablico nacional.<\/p>\n<\/div>\n<p><img loading=\"lazy\" decoding=\"async\" class=\"alignnone size-full wp-image-79515\" src=\"https:\/\/vocesparalelas.com.ar\/sitio\/wp-content\/uploads\/2024\/11\/UNSJ-LOGO-01.jpg\" alt=\"\" width=\"800\" height=\"459\" srcset=\"https:\/\/vocesparalelas.com.ar\/sitio\/wp-content\/uploads\/2024\/11\/UNSJ-LOGO-01.jpg 800w, https:\/\/vocesparalelas.com.ar\/sitio\/wp-content\/uploads\/2024\/11\/UNSJ-LOGO-01-300x172.jpg 300w, https:\/\/vocesparalelas.com.ar\/sitio\/wp-content\/uploads\/2024\/11\/UNSJ-LOGO-01-768x441.jpg 768w\" sizes=\"auto, (max-width: 800px) 100vw, 800px\" \/><\/p>\n","protected":false},"excerpt":{"rendered":"<p>El Consejo Superior de la Universidad Nacional de San Juan (UNSJ) aprob\u00f3 por unanimidad la declaraci\u00f3n de emergencia salarial y<\/p>\n","protected":false},"author":3,"featured_media":97206,"comment_status":"closed","ping_status":"closed","sticky":false,"template":"","format":"standard","meta":{"_acf_changed":false,"_seopress_robots_primary_cat":"none","_seopress_titles_title":"","_seopress_titles_desc":"","_seopress_robots_index":"","colormag_page_container_layout":"default_layout","colormag_page_sidebar_layout":"default_layout","footnotes":""},"categories":[10],"tags":[],"class_list":["post-97203","post","type-post","status-publish","format-standard","has-post-thumbnail","hentry","category-opiniones"],"acf":[],"_links":{"self":[{"href":"https:\/\/vocesparalelas.com.ar\/sitio\/wp-json\/wp\/v2\/posts\/97203","targetHints":{"allow":["GET"]}}],"collection":[{"href":"https:\/\/vocesparalelas.com.ar\/sitio\/wp-json\/wp\/v2\/posts"}],"about":[{"href":"https:\/\/vocesparalelas.com.ar\/sitio\/wp-json\/wp\/v2\/types\/post"}],"author":[{"embeddable":true,"href":"https:\/\/vocesparalelas.com.ar\/sitio\/wp-json\/wp\/v2\/users\/3"}],"replies":[{"embeddable":true,"href":"https:\/\/vocesparalelas.com.ar\/sitio\/wp-json\/wp\/v2\/comments?post=97203"}],"version-history":[{"count":1,"href":"https:\/\/vocesparalelas.com.ar\/sitio\/wp-json\/wp\/v2\/posts\/97203\/revisions"}],"predecessor-version":[{"id":97207,"href":"https:\/\/vocesparalelas.com.ar\/sitio\/wp-json\/wp\/v2\/posts\/97203\/revisions\/97207"}],"wp:featuredmedia":[{"embeddable":true,"href":"https:\/\/vocesparalelas.com.ar\/sitio\/wp-json\/wp\/v2\/media\/97206"}],"wp:attachment":[{"href":"https:\/\/vocesparalelas.com.ar\/sitio\/wp-json\/wp\/v2\/media?parent=97203"}],"wp:term":[{"taxonomy":"category","embeddable":true,"href":"https:\/\/vocesparalelas.com.ar\/sitio\/wp-json\/wp\/v2\/categories?post=97203"},{"taxonomy":"post_tag","embeddable":true,"href":"https:\/\/vocesparalelas.com.ar\/sitio\/wp-json\/wp\/v2\/tags?post=97203"}],"curies":[{"name":"wp","href":"https:\/\/api.w.org\/{rel}","templated":true}]}}