{"id":97199,"date":"2026-02-27T15:35:08","date_gmt":"2026-02-27T18:35:08","guid":{"rendered":"https:\/\/vocesparalelas.com.ar\/sitio\/?p=97199"},"modified":"2026-02-28T21:09:33","modified_gmt":"2026-03-01T00:09:33","slug":"el-cin-exige-el-cumplimiento-de-la-actual-ley-de-financiamiento","status":"publish","type":"post","link":"https:\/\/vocesparalelas.com.ar\/sitio\/el-cin-exige-el-cumplimiento-de-la-actual-ley-de-financiamiento\/","title":{"rendered":"El CIN exige el cumplimiento de la actual Ley de Financiamiento"},"content":{"rendered":"<p>El Consejo Interuniversitario Nacional exige, una vez m\u00e1s, el inmediato cumplimiento de la Ley de Financiamiento Universitario vigente para recuperar el salario perdido en 2024 y 2025 y la urgente convocatoria a paritaria docente y nodocente para recomponer la p\u00e9rdida salarial que se est\u00e1 sufriendo en 2026.<\/p>\n<p>Hemos mencionado que existe una ley aprobada por el Congreso de la Naci\u00f3n, cuyo cumplimiento corresponde al Poder Ejecutivo, a pesar de que el mismo la ha vetado y la tiene suspendida por un decreto que hemos objetado su constitucionalidad en la justicia.<\/p>\n<p>Del mismo modo, es fundamental establecer las pautas de actualizaci\u00f3n de gastos de funcionamiento, de sostenimiento del sistema cient\u00edfico y tecnol\u00f3gico y la actualizaci\u00f3n de montos destinados a becas estudiantiles.<\/p>\n<p>Como expresamos la semana pasada, no se trata \u00fanicamente de una cuesti\u00f3n presupuestaria, sino de garantizar, respetando el marco normativo vigente, las condiciones m\u00ednimas e indispensables para el desarrollo de las actividades acad\u00e9micas y cient\u00edficas del ciclo lectivo 2026, estrat\u00e9gicas y vitales para el desarrollo de la Naci\u00f3n.<\/p>\n<p>&nbsp;<\/p>\n<p><img loading=\"lazy\" decoding=\"async\" class=\"alignnone size-full wp-image-39977\" src=\"https:\/\/vocesparalelas.com.ar\/sitio\/wp-content\/uploads\/2021\/07\/CIN-LOGO-1.jpg\" alt=\"\" width=\"800\" height=\"493\" srcset=\"https:\/\/vocesparalelas.com.ar\/sitio\/wp-content\/uploads\/2021\/07\/CIN-LOGO-1.jpg 800w, https:\/\/vocesparalelas.com.ar\/sitio\/wp-content\/uploads\/2021\/07\/CIN-LOGO-1-300x185.jpg 300w, https:\/\/vocesparalelas.com.ar\/sitio\/wp-content\/uploads\/2021\/07\/CIN-LOGO-1-768x473.jpg 768w\" sizes=\"auto, (max-width: 800px) 100vw, 800px\" \/><\/p>\n","protected":false},"excerpt":{"rendered":"<p>El Consejo Interuniversitario Nacional exige, una vez m\u00e1s, el inmediato cumplimiento de la Ley de Financiamiento Universitario vigente para recuperar<\/p>\n","protected":false},"author":3,"featured_media":90626,"comment_status":"closed","ping_status":"closed","sticky":false,"template":"","format":"standard","meta":{"_acf_changed":false,"_seopress_robots_primary_cat":"none","_seopress_titles_title":"","_seopress_titles_desc":"","_seopress_robots_index":"","colormag_page_container_layout":"default_layout","colormag_page_sidebar_layout":"default_layout","footnotes":""},"categories":[10],"tags":[],"class_list":["post-97199","post","type-post","status-publish","format-standard","has-post-thumbnail","hentry","category-opiniones"],"acf":[],"_links":{"self":[{"href":"https:\/\/vocesparalelas.com.ar\/sitio\/wp-json\/wp\/v2\/posts\/97199","targetHints":{"allow":["GET"]}}],"collection":[{"href":"https:\/\/vocesparalelas.com.ar\/sitio\/wp-json\/wp\/v2\/posts"}],"about":[{"href":"https:\/\/vocesparalelas.com.ar\/sitio\/wp-json\/wp\/v2\/types\/post"}],"author":[{"embeddable":true,"href":"https:\/\/vocesparalelas.com.ar\/sitio\/wp-json\/wp\/v2\/users\/3"}],"replies":[{"embeddable":true,"href":"https:\/\/vocesparalelas.com.ar\/sitio\/wp-json\/wp\/v2\/comments?post=97199"}],"version-history":[{"count":1,"href":"https:\/\/vocesparalelas.com.ar\/sitio\/wp-json\/wp\/v2\/posts\/97199\/revisions"}],"predecessor-version":[{"id":97202,"href":"https:\/\/vocesparalelas.com.ar\/sitio\/wp-json\/wp\/v2\/posts\/97199\/revisions\/97202"}],"wp:featuredmedia":[{"embeddable":true,"href":"https:\/\/vocesparalelas.com.ar\/sitio\/wp-json\/wp\/v2\/media\/90626"}],"wp:attachment":[{"href":"https:\/\/vocesparalelas.com.ar\/sitio\/wp-json\/wp\/v2\/media?parent=97199"}],"wp:term":[{"taxonomy":"category","embeddable":true,"href":"https:\/\/vocesparalelas.com.ar\/sitio\/wp-json\/wp\/v2\/categories?post=97199"},{"taxonomy":"post_tag","embeddable":true,"href":"https:\/\/vocesparalelas.com.ar\/sitio\/wp-json\/wp\/v2\/tags?post=97199"}],"curies":[{"name":"wp","href":"https:\/\/api.w.org\/{rel}","templated":true}]}}