{"id":97183,"date":"2026-02-26T21:47:13","date_gmt":"2026-02-27T00:47:13","guid":{"rendered":"https:\/\/vocesparalelas.com.ar\/sitio\/?p=97183"},"modified":"2026-02-27T23:33:24","modified_gmt":"2026-02-28T02:33:24","slug":"cronograma-complementaria-de-la-junta-de-calificacion-y-clasificacion-de-gabinetes-tecnicos-interdisciplinarios-de-san-juan","status":"publish","type":"post","link":"https:\/\/vocesparalelas.com.ar\/sitio\/cronograma-complementaria-de-la-junta-de-calificacion-y-clasificacion-de-gabinetes-tecnicos-interdisciplinarios-de-san-juan\/","title":{"rendered":"Cronograma complementaria de la Junta de Calificaci\u00f3n y Clasificaci\u00f3n de Gabinetes T\u00e9cnicos Interdisciplinarios de San Juan"},"content":{"rendered":"<p>El Ministerio de Educaci\u00f3n del Gobierno de San Juan, a trav\u00e9s de la Junta de Calificaci\u00f3n y Clasificaci\u00f3n de Gabinetes T\u00e9cnicos Interdisciplinarios, informa el cronograma correspondiente a la inscripci\u00f3n complementaria para interinatos y suplencias para cargos del 1\u00b0 grado de escalaf\u00f3n de profesionales de Gabinetes a\u00f1o 2026, en el marco de la Resoluci\u00f3n N\u00b0 1958-ME-2026.<\/p>\n<p><span style=\"color: #ff6600;\"><strong>Cronograma<\/strong><\/span><\/p>\n<ul>\n<li>La solicitud de turnos se realiza a trav\u00e9s del sitio web del <a href=\"https:\/\/educacion.sanjuan.gob.ar\/\">Ministerio de Educaci\u00f3n<\/a> del 2 al 6 de Marzo de 2026.<\/li>\n<li>La inscripci\u00f3n y presentaci\u00f3n de carpetas, junto a la valoraci\u00f3n de antecedentes y m\u00e9ritos, se desarrolla del 9 al 16 de Marzo.<\/li>\n<li>La confecci\u00f3n del listado provisorio est\u00e1 prevista del 17 al 20 de marzo, mientras que la exhibici\u00f3n del listado provisorio y la notificaci\u00f3n de puntaje se realizar\u00e1 del 25 al 31 de marzo.<\/li>\n<li>La presentaci\u00f3n de recursos de reposici\u00f3n podr\u00e1 efectuarse del 1 al 10 de abril.<\/li>\n<li>La resoluci\u00f3n de recursos de reposici\u00f3n y elevaci\u00f3n de recursos de apelaci\u00f3n se llevar\u00e1 a cabo del 13 al 17 de abril, con notificaci\u00f3n de resoluciones del 20 al 24 de abril.<\/li>\n<li>La confecci\u00f3n del listado definitivo ser\u00e1 del 27 al 29 de abril y su exhibici\u00f3n del 30 de abril al 8 de mayo.<\/li>\n<\/ul>\n<p><span style=\"color: #ff6600;\"><strong>Requisitos para la inscripci\u00f3n<\/strong><\/span><\/p>\n<p>Al momento de la inscripci\u00f3n, los aspirantes deben presentar en la fecha y hora del turno online la siguiente documentaci\u00f3n:<\/p>\n<ul>\n<li>Constancia de turno online.<\/li>\n<li>Fotocopia legalizada del DNI o constancia de DNI en tr\u00e1mite expedida por Registro Civil.<\/li>\n<li>Fotocopia del t\u00edtulo profesional competente para el cargo al que se postula, registrado y legalizado por el Ministerio de Educaci\u00f3n de la Provincia. En caso de t\u00edtulo otorgado en otro pa\u00eds, deber\u00e1 estar revalidado por el Estado Nacional.<\/li>\n<li>Certificado de Matr\u00edcula y \u00c9tica Profesional.<\/li>\n<li>Certificado de la Funci\u00f3n P\u00fablica.<\/li>\n<li>Certificaci\u00f3n negativa de ANSES.<\/li>\n<li>Certificado de antecedentes y planilla prontuarial.<\/li>\n<li>Informe del Registro de Deudores Alimentarios Morosos.<\/li>\n<li>Declaraci\u00f3n Jurada de Cargos. En caso de poseer cargos u horas c\u00e1tedra que no figuren en la declaraci\u00f3n emitida por el SIGE, deber\u00e1n agregarse de pu\u00f1o y letra con firma de la autoridad competente. Si se hubiera iniciado tr\u00e1mite de titularizaci\u00f3n, deber\u00e1 dejarse constancia en la misma. La documentaci\u00f3n presentada tendr\u00e1 car\u00e1cter de declaraci\u00f3n jurada.<\/li>\n<li>Declaraci\u00f3n Jurada de Residencia.<\/li>\n<li>Fotocopias de antecedentes y m\u00e9ritos obtenidos hasta el inicio de la inscripci\u00f3n, legalizadas por el Ministerio de Educaci\u00f3n o autoridad competente.<\/li>\n<li>Foja o certificaci\u00f3n de servicios, para aspirantes con antig\u00fcedad docente.<\/li>\n<li>Fotocopias de Conceptos de Profesionales de Gabinetes.<\/li>\n<li>Carpeta de cartulina tipo espiral tama\u00f1o oficio, para quienes se inscriben por primera vez. Toda la documentaci\u00f3n debe presentarse perforada, foliada (enumerada) y ordenada seg\u00fan el valorador vigente (Resoluci\u00f3n N\u00b0 11213-ME-2016).<\/li>\n<\/ul>\n<p>Se recuerda que esta convocatoria est\u00e1 destinada s\u00f3lo para profesionales que hubieran obtenido su t\u00edtulo desde el 16\/06\/2025 hasta 02\/03\/2026 y para los que prueben fehacientemente haber estado residiendo en otra provincia a la fecha de inscripci\u00f3n que fuera convocada por Resoluci\u00f3n N\u00b0 9417-ME-2025).<\/p>\n<p>&nbsp;<\/p>\n<p><img loading=\"lazy\" decoding=\"async\" class=\"alignnone size-full wp-image-28629\" src=\"https:\/\/vocesparalelas.com.ar\/sitio\/wp-content\/uploads\/2020\/05\/MINISTERIO-EDUCACION-SJ.jpg\" alt=\"\" width=\"800\" height=\"533\" srcset=\"https:\/\/vocesparalelas.com.ar\/sitio\/wp-content\/uploads\/2020\/05\/MINISTERIO-EDUCACION-SJ.jpg 800w, https:\/\/vocesparalelas.com.ar\/sitio\/wp-content\/uploads\/2020\/05\/MINISTERIO-EDUCACION-SJ-300x200.jpg 300w, https:\/\/vocesparalelas.com.ar\/sitio\/wp-content\/uploads\/2020\/05\/MINISTERIO-EDUCACION-SJ-768x512.jpg 768w\" sizes=\"auto, (max-width: 800px) 100vw, 800px\" \/><\/p>\n","protected":false},"excerpt":{"rendered":"<p>El Ministerio de Educaci\u00f3n del Gobierno de San Juan, a trav\u00e9s de la Junta de Calificaci\u00f3n y Clasificaci\u00f3n de Gabinetes<\/p>\n","protected":false},"author":3,"featured_media":35306,"comment_status":"closed","ping_status":"closed","sticky":false,"template":"","format":"standard","meta":{"_acf_changed":false,"_seopress_robots_primary_cat":"none","_seopress_titles_title":"","_seopress_titles_desc":"","_seopress_robots_index":"","colormag_page_container_layout":"default_layout","colormag_page_sidebar_layout":"default_layout","footnotes":""},"categories":[5],"tags":[],"class_list":["post-97183","post","type-post","status-publish","format-standard","has-post-thumbnail","hentry","category-ofrecimientos"],"acf":[],"_links":{"self":[{"href":"https:\/\/vocesparalelas.com.ar\/sitio\/wp-json\/wp\/v2\/posts\/97183","targetHints":{"allow":["GET"]}}],"collection":[{"href":"https:\/\/vocesparalelas.com.ar\/sitio\/wp-json\/wp\/v2\/posts"}],"about":[{"href":"https:\/\/vocesparalelas.com.ar\/sitio\/wp-json\/wp\/v2\/types\/post"}],"author":[{"embeddable":true,"href":"https:\/\/vocesparalelas.com.ar\/sitio\/wp-json\/wp\/v2\/users\/3"}],"replies":[{"embeddable":true,"href":"https:\/\/vocesparalelas.com.ar\/sitio\/wp-json\/wp\/v2\/comments?post=97183"}],"version-history":[{"count":3,"href":"https:\/\/vocesparalelas.com.ar\/sitio\/wp-json\/wp\/v2\/posts\/97183\/revisions"}],"predecessor-version":[{"id":97188,"href":"https:\/\/vocesparalelas.com.ar\/sitio\/wp-json\/wp\/v2\/posts\/97183\/revisions\/97188"}],"wp:featuredmedia":[{"embeddable":true,"href":"https:\/\/vocesparalelas.com.ar\/sitio\/wp-json\/wp\/v2\/media\/35306"}],"wp:attachment":[{"href":"https:\/\/vocesparalelas.com.ar\/sitio\/wp-json\/wp\/v2\/media?parent=97183"}],"wp:term":[{"taxonomy":"category","embeddable":true,"href":"https:\/\/vocesparalelas.com.ar\/sitio\/wp-json\/wp\/v2\/categories?post=97183"},{"taxonomy":"post_tag","embeddable":true,"href":"https:\/\/vocesparalelas.com.ar\/sitio\/wp-json\/wp\/v2\/tags?post=97183"}],"curies":[{"name":"wp","href":"https:\/\/api.w.org\/{rel}","templated":true}]}}