{"id":97149,"date":"2026-02-26T13:26:21","date_gmt":"2026-02-26T16:26:21","guid":{"rendered":"https:\/\/vocesparalelas.com.ar\/sitio\/?p=97149"},"modified":"2026-02-27T22:35:16","modified_gmt":"2026-02-28T01:35:16","slug":"sumate-a-la-10-edicion-por-amor-a-la-vida-en-familia-y-apoya-a-fundame-de-san-juan","status":"publish","type":"post","link":"https:\/\/vocesparalelas.com.ar\/sitio\/sumate-a-la-10-edicion-por-amor-a-la-vida-en-familia-y-apoya-a-fundame-de-san-juan\/","title":{"rendered":"Sumate a la 10\u00b0 Edici\u00f3n \u201cPor amor a la vida\u201d en familia y apoya a FundaME de San Juan"},"content":{"rendered":"<p>Se corre la d\u00e9cima edici\u00f3n de \u201cPor amor a la vida\u201d<\/p>\n<p>La carrera solidaria para ayudar a ni\u00f1os con c\u00e1ncer se realizar\u00e1 en Santa Luc\u00eda.<\/p>\n<p>El Viernes, 27 de Febrero, se comparte en familia la 10\u00b0 edici\u00f3n \u00abPor Amor a la Vida\u00bb, un evento solidario en apoyo a los ni\u00f1os y adolescentes con c\u00e1ncer que organiza Fundaci\u00f3n Mar\u00eda Echenique &#8211; FundaME &#8211; y que cuenta con el apoyo de la Municipalidad de la Ciudad de Santa Luc\u00eda.<\/p>\n<p>Con 500 participantes inscriptos entre la modalidad participativa y competitiva, la profesora de atletismo de la Municipalidad de Santa Luc\u00eda, Mercedes Su\u00e1rez , coment\u00f3 que se decidi\u00f3 extender unas horas m\u00e1s el plazo de inscripci\u00f3n, el que cierra al mediod\u00eda del Viernes, 27 de Febrero.<\/p>\n<p>La edici\u00f3n 2026 se desarrolla el Viernes, 27 de Febrero, en la Plaza de Santa Luc\u00eda, con la concentraci\u00f3n a las 20 horas, para poner en marcha la carrera a las 21 horas.<\/p>\n<p><span style=\"color: #ff0000;\"><strong>Modalidades\u00a0<\/strong><\/span><\/p>\n<ul>\n<li>Participativa (1.5 km) &#8211; Gratis, sin inscripci\u00f3n, solicitando que en el momento de acreditarse, realicen un aporte de botellas con agua mineral de 500 cc. Pueden participar personas desde los cinco a\u00f1os de edad.<\/li>\n<li>Competitiva (10 km) &#8211; Inscripci\u00f3n $15.000. Esta competencia ser\u00e1 fiscalizada por la Federaci\u00f3n Atl\u00e9tica Sanjuanina.<\/li>\n<\/ul>\n<p><strong><span style=\"color: #ff0000;\">Inscripciones e informes<\/span><\/strong><\/p>\n<p>La sede de FundaME, Avenida Sarmiento, prolongaci\u00f3n Rivadavia 1437, Santa Luc\u00eda, de Lunes a Viernes, de 8 a 12 y 16:30 a 19:30 horas.<\/p>\n<p>El principal trabajo de FundaME, la instituci\u00f3n organizadora, es asistir a ni\u00f1os y adolescentes oncol\u00f3gicos, hemof\u00edlicos y con Fibrosis Qu\u00edstica junto a su familia en el aspecto socio-emocional, econ\u00f3mico y terap\u00e9utico.<\/p>\n<p>Adem\u00e1s brinda ayuda en la tarea cient\u00edfica y perfeccionamiento de sus profesionales. Desde FundaME tambi\u00e9n se realizan distintas acciones para difundir e informar sobre las enfermedades, prevenci\u00f3n y tratamientos destinados a la comunidad en general.<\/p>\n<p>Realiza el pago de estudios m\u00e9dicos y la medicaci\u00f3n, adem\u00e1s, contribuye con ayudas alimentarias y de vestimenta, para los ni\u00f1os y sus familias.<\/p>\n<p>FundaME manifiesta el orgullo de que \u00e9ste siga siendo un evento elegido por la comunidad y que cada vez alcance mayor protagonismo la causa, que es concientizar y visibilizar el prop\u00f3sito de seguir trabajando en colaboraci\u00f3n con el sector p\u00fablico y el sector privado, con el apoyo desinteresado de la comunidad sanjuanina y su cuerpo de voluntarios, para brindar todo el apoyo y acompa\u00f1amiento a los pacientes.<\/p>\n<p><img loading=\"lazy\" decoding=\"async\" class=\"alignnone size-full wp-image-56364\" src=\"https:\/\/vocesparalelas.com.ar\/sitio\/wp-content\/uploads\/2023\/02\/FundaMe.png\" alt=\"\" width=\"800\" height=\"492\" srcset=\"https:\/\/vocesparalelas.com.ar\/sitio\/wp-content\/uploads\/2023\/02\/FundaMe.png 800w, https:\/\/vocesparalelas.com.ar\/sitio\/wp-content\/uploads\/2023\/02\/FundaMe-300x185.png 300w, https:\/\/vocesparalelas.com.ar\/sitio\/wp-content\/uploads\/2023\/02\/FundaMe-768x472.png 768w\" sizes=\"auto, (max-width: 800px) 100vw, 800px\" \/><\/p>\n<p>&nbsp;<\/p>\n","protected":false},"excerpt":{"rendered":"<p>Se corre la d\u00e9cima edici\u00f3n de \u201cPor amor a la vida\u201d La carrera solidaria para ayudar a ni\u00f1os con c\u00e1ncer<\/p>\n","protected":false},"author":3,"featured_media":4897,"comment_status":"closed","ping_status":"closed","sticky":false,"template":"","format":"standard","meta":{"_acf_changed":false,"_seopress_robots_primary_cat":"none","_seopress_titles_title":"","_seopress_titles_desc":"","_seopress_robots_index":"","colormag_page_container_layout":"default_layout","colormag_page_sidebar_layout":"default_layout","footnotes":""},"categories":[6],"tags":[],"class_list":["post-97149","post","type-post","status-publish","format-standard","has-post-thumbnail","hentry","category-eventos"],"acf":[],"_links":{"self":[{"href":"https:\/\/vocesparalelas.com.ar\/sitio\/wp-json\/wp\/v2\/posts\/97149","targetHints":{"allow":["GET"]}}],"collection":[{"href":"https:\/\/vocesparalelas.com.ar\/sitio\/wp-json\/wp\/v2\/posts"}],"about":[{"href":"https:\/\/vocesparalelas.com.ar\/sitio\/wp-json\/wp\/v2\/types\/post"}],"author":[{"embeddable":true,"href":"https:\/\/vocesparalelas.com.ar\/sitio\/wp-json\/wp\/v2\/users\/3"}],"replies":[{"embeddable":true,"href":"https:\/\/vocesparalelas.com.ar\/sitio\/wp-json\/wp\/v2\/comments?post=97149"}],"version-history":[{"count":1,"href":"https:\/\/vocesparalelas.com.ar\/sitio\/wp-json\/wp\/v2\/posts\/97149\/revisions"}],"predecessor-version":[{"id":97152,"href":"https:\/\/vocesparalelas.com.ar\/sitio\/wp-json\/wp\/v2\/posts\/97149\/revisions\/97152"}],"wp:featuredmedia":[{"embeddable":true,"href":"https:\/\/vocesparalelas.com.ar\/sitio\/wp-json\/wp\/v2\/media\/4897"}],"wp:attachment":[{"href":"https:\/\/vocesparalelas.com.ar\/sitio\/wp-json\/wp\/v2\/media?parent=97149"}],"wp:term":[{"taxonomy":"category","embeddable":true,"href":"https:\/\/vocesparalelas.com.ar\/sitio\/wp-json\/wp\/v2\/categories?post=97149"},{"taxonomy":"post_tag","embeddable":true,"href":"https:\/\/vocesparalelas.com.ar\/sitio\/wp-json\/wp\/v2\/tags?post=97149"}],"curies":[{"name":"wp","href":"https:\/\/api.w.org\/{rel}","templated":true}]}}