{"id":97136,"date":"2026-02-26T11:16:10","date_gmt":"2026-02-26T14:16:10","guid":{"rendered":"https:\/\/vocesparalelas.com.ar\/sitio\/?p=97136"},"modified":"2026-02-26T23:22:40","modified_gmt":"2026-02-27T02:22:40","slug":"caminata-didactica-en-el-parque-provincial-presidente-sarmiento-de-san-juan","status":"publish","type":"post","link":"https:\/\/vocesparalelas.com.ar\/sitio\/caminata-didactica-en-el-parque-provincial-presidente-sarmiento-de-san-juan\/","title":{"rendered":"Caminata did\u00e1ctica en el Parque Provincial Presidente Sarmiento de San Juan"},"content":{"rendered":"<p>La Secretar\u00eda de Ambiente y Desarrollo Sustentable del Gobierno de San Juan invita a participar de la \u00faltima actividad de verano vinculada a la educaci\u00f3n ambiental en el Parque Provincial Presidente Sarmiento, un espacio clave para la conservaci\u00f3n de la biodiversidad local.<\/p>\n<p>Esta propuesta abierta al p\u00fablico combina recreaci\u00f3n, conocimiento cient\u00edfico y sensibilizaci\u00f3n ambiental. La cita est\u00e1 prevista para el Viernes, 27 de Febrero, a las 20:30 hs. en el Parque Presidente Sarmiento, lugar donde se realizar\u00e1 la caminata did\u00e1ctica guiada, denominada \u201cSerpientes, Ara\u00f1as y Escorpiones\u201d, enfocada en el reconocimiento de estas especies, su rol ecol\u00f3gico y las medidas de prevenci\u00f3n y convivencia.<\/p>\n<p>La actividad contar\u00e1 con la orientaci\u00f3n de especialistas de la Universidad Nacional de San Juan, a trav\u00e9s de Gabinete de Biodiversidad y Biolog\u00eda de Vertebrados del \u00c1rido (DIBIOVA) y del Museo Provincial de Ciencias Naturales.<\/p>\n<p>La actividad es totalmente gratuita, con cupos limitados, y requieren inscripci\u00f3n previa v\u00eda WhatsApp al 264-4468982, solo se recibe mensajes.<\/p>\n<p>El Parque Provincial Presidente Sarmiento constituye un urbano de alto valor ambiental. Este tipo de ecosistemas se caracteriza por la presencia permanente o temporaria de agua, lo que permite el desarrollo de una rica biodiversidad.<\/p>\n<p>En el Parque conviven una gran cantidad de aves, anfibios, reptiles, insectos y mam\u00edferos, adem\u00e1s de una vegetaci\u00f3n adaptada a condiciones de humedad variable.<\/p>\n<p>Los humedales cumplen funciones ecol\u00f3gicas esenciales: act\u00faan como reguladores naturales del agua, contribuyen a la recarga de acu\u00edferos, amortiguan eventos clim\u00e1ticos extremos y funcionan como filtros biol\u00f3gicos que mejoran la calidad del agua. Asimismo, son espacios clave para la educaci\u00f3n ambiental y el contacto directo de la comunidad con la naturaleza.<\/p>\n<p>&nbsp;<\/p>\n<p><img loading=\"lazy\" decoding=\"async\" class=\"alignnone size-large wp-image-18375\" src=\"https:\/\/vocesparalelas.com.ar\/sitio\/wp-content\/uploads\/2019\/01\/AMBIENTE-CARTEL-800x496.jpg\" alt=\"\" width=\"800\" height=\"496\" srcset=\"https:\/\/vocesparalelas.com.ar\/sitio\/wp-content\/uploads\/2019\/01\/AMBIENTE-CARTEL-800x496.jpg 800w, https:\/\/vocesparalelas.com.ar\/sitio\/wp-content\/uploads\/2019\/01\/AMBIENTE-CARTEL-300x186.jpg 300w, https:\/\/vocesparalelas.com.ar\/sitio\/wp-content\/uploads\/2019\/01\/AMBIENTE-CARTEL-768x476.jpg 768w, https:\/\/vocesparalelas.com.ar\/sitio\/wp-content\/uploads\/2019\/01\/AMBIENTE-CARTEL.jpg 1000w\" sizes=\"auto, (max-width: 800px) 100vw, 800px\" \/><\/p>\n","protected":false},"excerpt":{"rendered":"<p>La Secretar\u00eda de Ambiente y Desarrollo Sustentable del Gobierno de San Juan invita a participar de la \u00faltima actividad de<\/p>\n","protected":false},"author":3,"featured_media":82054,"comment_status":"closed","ping_status":"closed","sticky":false,"template":"","format":"standard","meta":{"_acf_changed":false,"_seopress_robots_primary_cat":"none","_seopress_titles_title":"","_seopress_titles_desc":"","_seopress_robots_index":"","colormag_page_container_layout":"default_layout","colormag_page_sidebar_layout":"default_layout","footnotes":""},"categories":[20],"tags":[],"class_list":["post-97136","post","type-post","status-publish","format-standard","has-post-thumbnail","hentry","category-cartelera"],"acf":[],"_links":{"self":[{"href":"https:\/\/vocesparalelas.com.ar\/sitio\/wp-json\/wp\/v2\/posts\/97136","targetHints":{"allow":["GET"]}}],"collection":[{"href":"https:\/\/vocesparalelas.com.ar\/sitio\/wp-json\/wp\/v2\/posts"}],"about":[{"href":"https:\/\/vocesparalelas.com.ar\/sitio\/wp-json\/wp\/v2\/types\/post"}],"author":[{"embeddable":true,"href":"https:\/\/vocesparalelas.com.ar\/sitio\/wp-json\/wp\/v2\/users\/3"}],"replies":[{"embeddable":true,"href":"https:\/\/vocesparalelas.com.ar\/sitio\/wp-json\/wp\/v2\/comments?post=97136"}],"version-history":[{"count":1,"href":"https:\/\/vocesparalelas.com.ar\/sitio\/wp-json\/wp\/v2\/posts\/97136\/revisions"}],"predecessor-version":[{"id":97139,"href":"https:\/\/vocesparalelas.com.ar\/sitio\/wp-json\/wp\/v2\/posts\/97136\/revisions\/97139"}],"wp:featuredmedia":[{"embeddable":true,"href":"https:\/\/vocesparalelas.com.ar\/sitio\/wp-json\/wp\/v2\/media\/82054"}],"wp:attachment":[{"href":"https:\/\/vocesparalelas.com.ar\/sitio\/wp-json\/wp\/v2\/media?parent=97136"}],"wp:term":[{"taxonomy":"category","embeddable":true,"href":"https:\/\/vocesparalelas.com.ar\/sitio\/wp-json\/wp\/v2\/categories?post=97136"},{"taxonomy":"post_tag","embeddable":true,"href":"https:\/\/vocesparalelas.com.ar\/sitio\/wp-json\/wp\/v2\/tags?post=97136"}],"curies":[{"name":"wp","href":"https:\/\/api.w.org\/{rel}","templated":true}]}}