{"id":97116,"date":"2026-02-25T19:45:15","date_gmt":"2026-02-25T22:45:15","guid":{"rendered":"https:\/\/vocesparalelas.com.ar\/sitio\/?p=97116"},"modified":"2026-02-26T23:24:15","modified_gmt":"2026-02-27T02:24:15","slug":"seminario-taller-estrategia-para-iniciar-una-exportacion-destinado-a-potenciar-las-exportaciones-de-las-pymes-en-san-juan","status":"publish","type":"post","link":"https:\/\/vocesparalelas.com.ar\/sitio\/seminario-taller-estrategia-para-iniciar-una-exportacion-destinado-a-potenciar-las-exportaciones-de-las-pymes-en-san-juan\/","title":{"rendered":"Seminario taller \u00abEstrategia para iniciar una exportaci\u00f3n\u00bb destinado a potenciar las exportaciones de las PYMES en San Juan"},"content":{"rendered":"<p>El seminario taller \u00abEstrategia para iniciar una exportaci\u00f3n\u00bb est\u00e1 destinada a empresas con perfil exportador y p\u00fablico interesado, con cupo limitado.<\/p>\n<p>Con el firme objetivo de brindar herramientas concretas para la internacionalizaci\u00f3n de las peque\u00f1as y medianas empresas, la Direcci\u00f3n de Comercio Exterior, dependiente de la Secretar\u00eda de Coordinaci\u00f3n para el Desarrollo Econ\u00f3mico del Ministerio de Producci\u00f3n, Trabajo e Innovaci\u00f3n del Gobierno de San Juan, contin\u00faa con las inscripciones para participar de la jornada intensiva de capacitaci\u00f3n en comercio internacional.<\/p>\n<p>El evento, denominado \u201cEstrategia para iniciar una exportaci\u00f3n\u201d, se desarrolla el Mi\u00e9rcoles, 4 de marzo de 2026, de 8:30 a 18:00 horas, en la Sala de Vicegobernadores de la C\u00e1mara de Diputados de San Juan.<\/p>\n<p>La actividad se desarrolla en conjunto con la Agencia Argentina para la Promoci\u00f3n de las Inversiones y el Comercio Exterior y la empresa de log\u00edstica DHL.<\/p>\n<p>La propuesta est\u00e1 especialmente dirigida a empresas de San Juan con potencial exportador, as\u00ed como al p\u00fablico en general vinculado a la tem\u00e1tica. Se busca generar un espacio de intercambio profesional entre actores p\u00fablicos y privados para facilitar el acceso a mercados internacionales.<\/p>\n<p>Durante la jornada, los asistentes pueden participar de un programa integral que abarca desde los fundamentos de la internacionalizaci\u00f3n hasta herramientas pr\u00e1cticas para la gesti\u00f3n exportadora. Entre los contenidos clave se destacan:<\/p>\n<ul>\n<li>Presentaci\u00f3n del Programa Formar para Invertir y Exportar de PromArgentina<\/li>\n<li>Internacionalizaci\u00f3n de productos. Incoterms 2020.<\/li>\n<li>Medios de pago internacionales.<\/li>\n<li>Marketing y negociaci\u00f3n internacional. Confecci\u00f3n de una oferta exportable.<\/li>\n<li>Circuito de una exportaci\u00f3n y c\u00e1lculo del precio FOB.<\/li>\n<li>Comercio Electr\u00f3nico e internacionalizaci\u00f3n de empresas.<\/li>\n<li>Herramientas financieras para proyectos productivos.<\/li>\n<li>Taller pr\u00e1ctico de simulaci\u00f3n de una operaci\u00f3n de exportaci\u00f3n.<\/li>\n<\/ul>\n<p>El objetivo es ofrecer una experiencia formativa y estrat\u00e9gica intensiva, que les permita a las PYMES identificar oportunidades concretas de internacionalizaci\u00f3n, dise\u00f1ar sus primeros pasos exportadores y acceder a herramientas tecnol\u00f3gicas simples y \u00fatiles.<\/p>\n<p>El seminario contar\u00e1 adem\u00e1s con un espacio destinado a los servicios de promoci\u00f3n de DHL para sectores clave como el vino y el aceite de oliva sanjuaninos, y culminar\u00e1 con un diagn\u00f3stico exportador personalizado y un taller pr\u00e1ctico de simulaci\u00f3n.<\/p>\n<p>El cupo es limitado, por lo que se solicita a los interesados completar el formulario de inscripci\u00f3n disponible en el siguiente enlace:<\/p>\n<p><a href=\"https:\/\/docs.google.com\/forms\/d\/11dr4QKaSqEYSquGNkBQz9ed_kVx4y8kDdzrJbtRkc4E\">https:\/\/docs.google.com\/forms\/d\/11dr4QKaSqEYSquGNkBQz9ed_kVx4y8kDdzrJbtRkc4E<\/a><\/p>\n<p><strong><span style=\"color: #ff6600;\">Para mayor informaci\u00f3n, los interesados pueden comunicarse con la Direcci\u00f3n de Comercio Exterior:<\/span><\/strong><\/p>\n<p><a href=\"dircomexterior@gmail.com\">dircomexterior@gmail.com<\/a><\/p>\n<ul>\n<li>Tel: +54 264 4306424 \/ 25 \/ 26 \/ 27<\/li>\n<li>Centro C\u00edvico, N\u00facleo 5, Piso 4\u00ba &#8211; San Juan<\/li>\n<\/ul>\n<p><img loading=\"lazy\" decoding=\"async\" class=\"alignnone size-full wp-image-65642\" src=\"https:\/\/vocesparalelas.com.ar\/sitio\/wp-content\/uploads\/2023\/11\/GOBIERNO-SAN-JUAN.jpg\" alt=\"\" width=\"800\" height=\"600\" srcset=\"https:\/\/vocesparalelas.com.ar\/sitio\/wp-content\/uploads\/2023\/11\/GOBIERNO-SAN-JUAN.jpg 800w, https:\/\/vocesparalelas.com.ar\/sitio\/wp-content\/uploads\/2023\/11\/GOBIERNO-SAN-JUAN-300x225.jpg 300w, https:\/\/vocesparalelas.com.ar\/sitio\/wp-content\/uploads\/2023\/11\/GOBIERNO-SAN-JUAN-768x576.jpg 768w\" sizes=\"auto, (max-width: 800px) 100vw, 800px\" \/><\/p>\n","protected":false},"excerpt":{"rendered":"<p>El seminario taller \u00abEstrategia para iniciar una exportaci\u00f3n\u00bb est\u00e1 destinada a empresas con perfil exportador y p\u00fablico interesado, con cupo<\/p>\n","protected":false},"author":3,"featured_media":28097,"comment_status":"closed","ping_status":"closed","sticky":false,"template":"","format":"standard","meta":{"_acf_changed":false,"_seopress_robots_primary_cat":"none","_seopress_titles_title":"","_seopress_titles_desc":"","_seopress_robots_index":"","colormag_page_container_layout":"default_layout","colormag_page_sidebar_layout":"default_layout","footnotes":""},"categories":[9],"tags":[],"class_list":["post-97116","post","type-post","status-publish","format-standard","has-post-thumbnail","hentry","category-cursos"],"acf":[],"_links":{"self":[{"href":"https:\/\/vocesparalelas.com.ar\/sitio\/wp-json\/wp\/v2\/posts\/97116","targetHints":{"allow":["GET"]}}],"collection":[{"href":"https:\/\/vocesparalelas.com.ar\/sitio\/wp-json\/wp\/v2\/posts"}],"about":[{"href":"https:\/\/vocesparalelas.com.ar\/sitio\/wp-json\/wp\/v2\/types\/post"}],"author":[{"embeddable":true,"href":"https:\/\/vocesparalelas.com.ar\/sitio\/wp-json\/wp\/v2\/users\/3"}],"replies":[{"embeddable":true,"href":"https:\/\/vocesparalelas.com.ar\/sitio\/wp-json\/wp\/v2\/comments?post=97116"}],"version-history":[{"count":1,"href":"https:\/\/vocesparalelas.com.ar\/sitio\/wp-json\/wp\/v2\/posts\/97116\/revisions"}],"predecessor-version":[{"id":97119,"href":"https:\/\/vocesparalelas.com.ar\/sitio\/wp-json\/wp\/v2\/posts\/97116\/revisions\/97119"}],"wp:featuredmedia":[{"embeddable":true,"href":"https:\/\/vocesparalelas.com.ar\/sitio\/wp-json\/wp\/v2\/media\/28097"}],"wp:attachment":[{"href":"https:\/\/vocesparalelas.com.ar\/sitio\/wp-json\/wp\/v2\/media?parent=97116"}],"wp:term":[{"taxonomy":"category","embeddable":true,"href":"https:\/\/vocesparalelas.com.ar\/sitio\/wp-json\/wp\/v2\/categories?post=97116"},{"taxonomy":"post_tag","embeddable":true,"href":"https:\/\/vocesparalelas.com.ar\/sitio\/wp-json\/wp\/v2\/tags?post=97116"}],"curies":[{"name":"wp","href":"https:\/\/api.w.org\/{rel}","templated":true}]}}