{"id":97111,"date":"2026-02-25T19:28:21","date_gmt":"2026-02-25T22:28:21","guid":{"rendered":"https:\/\/vocesparalelas.com.ar\/sitio\/?p=97111"},"modified":"2026-02-26T23:28:10","modified_gmt":"2026-02-27T02:28:10","slug":"inscripciones-para-cursos-gratuitos-de-oficios-en-departamento-capital-del-programa-atp","status":"publish","type":"post","link":"https:\/\/vocesparalelas.com.ar\/sitio\/inscripciones-para-cursos-gratuitos-de-oficios-en-departamento-capital-del-programa-atp\/","title":{"rendered":"Inscripciones para cursos gratuitos de oficios en Departamento Capital del Programa ATP"},"content":{"rendered":"<p>Las clases comienzan el 2 de marzo de 2026 y la inscripci\u00f3n es online con cupos limitados. Una oportunidad concreta para potenciar la empleabilidad en San Juan.<\/p>\n<p>El Programa Aprender, Trabajar y Producir (ATP) anunci\u00f3 la apertura de inscripciones para una nueva serie de cursos de formaci\u00f3n profesional que se dictan en el Departamento Capital, con el objetivo de brindar herramientas pr\u00e1cticas y de r\u00e1pida inserci\u00f3n laboral a los vecinos de la provincia.<\/p>\n<p>Las clases se desarrollan en las aulas de la UOCRA, Avenida Alem 758 &#8211; S\u00a0 &#8211; Capital, y dan inicio el 2 de Marzo de 2026.<\/p>\n<p>La oferta educativa incluye talleres intensivos en oficios con alta demanda en el mercado laboral actual.<\/p>\n<p><span style=\"color: #ff6600;\"><strong>Los cursos disponibles y sus horarios son los siguientes<\/strong><\/span><\/p>\n<ul>\n<li>Electricidad Domiciliaria: dos comisiones, una por la siesta (de 15 a 18 hs) y otra por la tarde (de 18:15 a 21 hs).<\/li>\n<li>Plomer\u00eda: en horario de tarde, de 18:15 a 21 hs.<\/li>\n<li>Auxiliar de Topograf\u00eda: dos comisiones, ambas en horario de siesta (de 15 a 18 hs y de 18:15 a 21 hs).<\/li>\n<li>Construcci\u00f3n: en horario de 18 a 21 hs.<\/li>\n<\/ul>\n<p>Los cursos son completamente gratuitos y est\u00e1n dise\u00f1ados para brindar formaci\u00f3n pr\u00e1ctica que fortalezca las oportunidades de empleo y autoempleo en la comunidad.<\/p>\n<p>Las personas interesadas deben inscribirse \u00fanicamente a trav\u00e9s del sitio web oficial del programa:<\/p>\n<p><a href=\"https:\/\/aprendertrabajarproducir.sanjuan.gob.ar\/\">https:\/\/aprendertrabajarproducir.sanjuan.gob.ar\/<\/a><\/p>\n<p>&nbsp;<\/p>\n<p><img loading=\"lazy\" decoding=\"async\" class=\"alignnone size-full wp-image-65642\" src=\"https:\/\/vocesparalelas.com.ar\/sitio\/wp-content\/uploads\/2023\/11\/GOBIERNO-SAN-JUAN.jpg\" alt=\"\" width=\"800\" height=\"600\" srcset=\"https:\/\/vocesparalelas.com.ar\/sitio\/wp-content\/uploads\/2023\/11\/GOBIERNO-SAN-JUAN.jpg 800w, https:\/\/vocesparalelas.com.ar\/sitio\/wp-content\/uploads\/2023\/11\/GOBIERNO-SAN-JUAN-300x225.jpg 300w, https:\/\/vocesparalelas.com.ar\/sitio\/wp-content\/uploads\/2023\/11\/GOBIERNO-SAN-JUAN-768x576.jpg 768w\" sizes=\"auto, (max-width: 800px) 100vw, 800px\" \/><\/p>\n","protected":false},"excerpt":{"rendered":"<p>Las clases comienzan el 2 de marzo de 2026 y la inscripci\u00f3n es online con cupos limitados. Una oportunidad concreta<\/p>\n","protected":false},"author":3,"featured_media":97114,"comment_status":"closed","ping_status":"closed","sticky":false,"template":"","format":"standard","meta":{"_acf_changed":false,"_seopress_robots_primary_cat":"none","_seopress_titles_title":"","_seopress_titles_desc":"","_seopress_robots_index":"","colormag_page_container_layout":"default_layout","colormag_page_sidebar_layout":"default_layout","footnotes":""},"categories":[9],"tags":[],"class_list":["post-97111","post","type-post","status-publish","format-standard","has-post-thumbnail","hentry","category-cursos"],"acf":[],"_links":{"self":[{"href":"https:\/\/vocesparalelas.com.ar\/sitio\/wp-json\/wp\/v2\/posts\/97111","targetHints":{"allow":["GET"]}}],"collection":[{"href":"https:\/\/vocesparalelas.com.ar\/sitio\/wp-json\/wp\/v2\/posts"}],"about":[{"href":"https:\/\/vocesparalelas.com.ar\/sitio\/wp-json\/wp\/v2\/types\/post"}],"author":[{"embeddable":true,"href":"https:\/\/vocesparalelas.com.ar\/sitio\/wp-json\/wp\/v2\/users\/3"}],"replies":[{"embeddable":true,"href":"https:\/\/vocesparalelas.com.ar\/sitio\/wp-json\/wp\/v2\/comments?post=97111"}],"version-history":[{"count":1,"href":"https:\/\/vocesparalelas.com.ar\/sitio\/wp-json\/wp\/v2\/posts\/97111\/revisions"}],"predecessor-version":[{"id":97115,"href":"https:\/\/vocesparalelas.com.ar\/sitio\/wp-json\/wp\/v2\/posts\/97111\/revisions\/97115"}],"wp:featuredmedia":[{"embeddable":true,"href":"https:\/\/vocesparalelas.com.ar\/sitio\/wp-json\/wp\/v2\/media\/97114"}],"wp:attachment":[{"href":"https:\/\/vocesparalelas.com.ar\/sitio\/wp-json\/wp\/v2\/media?parent=97111"}],"wp:term":[{"taxonomy":"category","embeddable":true,"href":"https:\/\/vocesparalelas.com.ar\/sitio\/wp-json\/wp\/v2\/categories?post=97111"},{"taxonomy":"post_tag","embeddable":true,"href":"https:\/\/vocesparalelas.com.ar\/sitio\/wp-json\/wp\/v2\/tags?post=97111"}],"curies":[{"name":"wp","href":"https:\/\/api.w.org\/{rel}","templated":true}]}}