{"id":97106,"date":"2026-02-25T18:42:27","date_gmt":"2026-02-25T21:42:27","guid":{"rendered":"https:\/\/vocesparalelas.com.ar\/sitio\/?p=97106"},"modified":"2026-02-26T23:29:01","modified_gmt":"2026-02-27T02:29:01","slug":"2-edicion-ciclo-ai-esta-la-cuestion-para-los-docentes-de-san-juan","status":"publish","type":"post","link":"https:\/\/vocesparalelas.com.ar\/sitio\/2-edicion-ciclo-ai-esta-la-cuestion-para-los-docentes-de-san-juan\/","title":{"rendered":"2\u00b0 Edici\u00f3n Ciclo \u201cAI est\u00e1 la cuesti\u00f3n\u201d para los docentes de San Juan"},"content":{"rendered":"<p>El Ministerio de Educaci\u00f3n del Gobierno de San Juan dio apertura al Ciclo de Formaci\u00f3n Docente en Servicio con la segunda edici\u00f3n de \u201cAI est\u00e1 la cuesti\u00f3n\u201d, una propuesta centrada en la inteligencia artificial aplicada a la educaci\u00f3n.<\/p>\n<p>La iniciativa se inscribe en el Plan Provincial de Alfabetizaci\u00f3n \u201cComprendo y Aprendo\u201d y responde a una necesidad concreta del sistema educativo: acompa\u00f1ar a los docentes en la integraci\u00f3n de herramientas digitales desde una perspectiva cr\u00edtica, contextualizada y pedag\u00f3gicamente significativa, \u00a0el Mi\u00e9rcoles, 25 de Febrero, en el auditorio Eloy Camus.<\/p>\n<p>En este contexto, la Ministra de Educaci\u00f3n, Lic. Silvia Fuentes expres\u00f3 que \u201cEl ciclo de formaci\u00f3n, que se extiende durante el 2026, apunta a fortalecer las competencias digitales, promover el uso responsable de la IA y consolidarla como herramienta de apoyo en el trabajo docente, tal como nos pide el gobernador Dr. Marcelo Orrego. La inteligencia artificial no reemplazar\u00e1 nunca el rol fundamental del docente en el aula, pero tenemos que aprender a manejarla a nuestro favor, con uso pedag\u00f3gico\u201d.<\/p>\n<p>El ciclo de formaci\u00f3n \u201cAI est\u00e1 la cuesti\u00f3n\u201d cuenta con resoluci\u00f3n ministerial y contempla cambio de tarea. Este mi\u00e9rcoles, en turnos ma\u00f1ana y tarde, la acci\u00f3n estuvo destinada a docentes de Nivel Inicial, Nivel Primario, Educaci\u00f3n de Adultos Primaria y maestros de especialidades.<\/p>\n<p>El ciclo de formaci\u00f3n \u201cAI est\u00e1 la cuesti\u00f3n\u201d cuenta con resoluci\u00f3n ministerial y contempla cambio de tarea. Este mi\u00e9rcoles, en turnos ma\u00f1ana y tarde, la acci\u00f3n estuvo destinada a docentes de Nivel Inicial, Nivel Primario, Educaci\u00f3n de Adultos Primaria y maestros de especialidades, con la disertante a cargo de la formaci\u00f3n Mg. Emilse E. Carmona.<\/p>\n<figure id=\"attachment_97134\" aria-describedby=\"caption-attachment-97134\" style=\"width: 800px\" class=\"wp-caption alignnone\"><img loading=\"lazy\" decoding=\"async\" class=\"size-full wp-image-97134\" src=\"https:\/\/vocesparalelas.com.ar\/sitio\/wp-content\/uploads\/2026\/02\/EDUCACION-EMILSE-CARMONA-01.jpg\" alt=\"\" width=\"800\" height=\"461\" srcset=\"https:\/\/vocesparalelas.com.ar\/sitio\/wp-content\/uploads\/2026\/02\/EDUCACION-EMILSE-CARMONA-01.jpg 800w, https:\/\/vocesparalelas.com.ar\/sitio\/wp-content\/uploads\/2026\/02\/EDUCACION-EMILSE-CARMONA-01-300x173.jpg 300w, https:\/\/vocesparalelas.com.ar\/sitio\/wp-content\/uploads\/2026\/02\/EDUCACION-EMILSE-CARMONA-01-768x443.jpg 768w\" sizes=\"auto, (max-width: 800px) 100vw, 800px\" \/><figcaption id=\"caption-attachment-97134\" class=\"wp-caption-text\">La formaci\u00f3n y disertaci\u00f3n estuvo a cargo de la Mg. Emilse E. Carmona<\/figcaption><\/figure>\n<p>Se realiz\u00f3 con una metodolog\u00eda activa teatral simulando un streaming con el apoyo log\u00edstico conformado por coordinadora log\u00edstica Daniela D&#8217;Virgilio, Prof. Anna Bel\u00e9n Toledo, Nicol\u00e1s Lupari, Margarita Vera, Sabina Gabriela Gonz\u00e1lez, equipo de la Secretar\u00eda de Educaci\u00f3n, con la coordinaci\u00f3n de Prof. Mariela Lueje, y subsecretaria de educaci\u00f3n Lic. Liliana Nollen.<\/p>\n<p>A su vez, el Viernes, 27 de Febrero, en doble turno, contin\u00faa con docentes de Nivel Secundario y Nivel Superior, sumando en esta instancia a estudiantes avanzados de formaci\u00f3n docente.<\/p>\n<p>Entre los ejes abordados se destacan la IA como herramienta para acompa\u00f1ar los aprendizajes sin reemplazar el juego en la infancia, la lectura y la escritura en entornos digitales, la aplicaci\u00f3n de IA en los niveles Inicial y Primario, el desarrollo del pensamiento cr\u00edtico desde edades tempranas y lineamientos para el uso responsable de herramientas digitales. Asimismo, se trabaja en el dise\u00f1o de modelos de clase que integren inteligencia artificial de manera did\u00e1ctica y pertinente.<\/p>\n<p>Durante 2025, m\u00e1s de 2.000 docentes de todos los niveles y modalidades participaron de esta l\u00ednea de capacitaci\u00f3n, alcanzando a 370 instituciones educativas de la provincia. Adem\u00e1s, se llev\u00f3 adelante el Primer Congreso Provincial sobre IA aplicada a la Educaci\u00f3n, que marc\u00f3 un hito en la incorporaci\u00f3n de esta tem\u00e1tica en la agenda pedag\u00f3gica.<\/p>\n<p>&nbsp;<\/p>\n<p><img loading=\"lazy\" decoding=\"async\" class=\"alignnone size-full wp-image-28629\" src=\"https:\/\/vocesparalelas.com.ar\/sitio\/wp-content\/uploads\/2020\/05\/MINISTERIO-EDUCACION-SJ.jpg\" alt=\"\" width=\"800\" height=\"533\" srcset=\"https:\/\/vocesparalelas.com.ar\/sitio\/wp-content\/uploads\/2020\/05\/MINISTERIO-EDUCACION-SJ.jpg 800w, https:\/\/vocesparalelas.com.ar\/sitio\/wp-content\/uploads\/2020\/05\/MINISTERIO-EDUCACION-SJ-300x200.jpg 300w, https:\/\/vocesparalelas.com.ar\/sitio\/wp-content\/uploads\/2020\/05\/MINISTERIO-EDUCACION-SJ-768x512.jpg 768w\" sizes=\"auto, (max-width: 800px) 100vw, 800px\" \/><\/p>\n","protected":false},"excerpt":{"rendered":"<p>El Ministerio de Educaci\u00f3n del Gobierno de San Juan dio apertura al Ciclo de Formaci\u00f3n Docente en Servicio con la<\/p>\n","protected":false},"author":3,"featured_media":97109,"comment_status":"closed","ping_status":"closed","sticky":false,"template":"","format":"standard","meta":{"_acf_changed":false,"_seopress_robots_primary_cat":"none","_seopress_titles_title":"","_seopress_titles_desc":"","_seopress_robots_index":"","colormag_page_container_layout":"default_layout","colormag_page_sidebar_layout":"default_layout","footnotes":""},"categories":[9],"tags":[],"class_list":["post-97106","post","type-post","status-publish","format-standard","has-post-thumbnail","hentry","category-cursos"],"acf":[],"_links":{"self":[{"href":"https:\/\/vocesparalelas.com.ar\/sitio\/wp-json\/wp\/v2\/posts\/97106","targetHints":{"allow":["GET"]}}],"collection":[{"href":"https:\/\/vocesparalelas.com.ar\/sitio\/wp-json\/wp\/v2\/posts"}],"about":[{"href":"https:\/\/vocesparalelas.com.ar\/sitio\/wp-json\/wp\/v2\/types\/post"}],"author":[{"embeddable":true,"href":"https:\/\/vocesparalelas.com.ar\/sitio\/wp-json\/wp\/v2\/users\/3"}],"replies":[{"embeddable":true,"href":"https:\/\/vocesparalelas.com.ar\/sitio\/wp-json\/wp\/v2\/comments?post=97106"}],"version-history":[{"count":3,"href":"https:\/\/vocesparalelas.com.ar\/sitio\/wp-json\/wp\/v2\/posts\/97106\/revisions"}],"predecessor-version":[{"id":97135,"href":"https:\/\/vocesparalelas.com.ar\/sitio\/wp-json\/wp\/v2\/posts\/97106\/revisions\/97135"}],"wp:featuredmedia":[{"embeddable":true,"href":"https:\/\/vocesparalelas.com.ar\/sitio\/wp-json\/wp\/v2\/media\/97109"}],"wp:attachment":[{"href":"https:\/\/vocesparalelas.com.ar\/sitio\/wp-json\/wp\/v2\/media?parent=97106"}],"wp:term":[{"taxonomy":"category","embeddable":true,"href":"https:\/\/vocesparalelas.com.ar\/sitio\/wp-json\/wp\/v2\/categories?post=97106"},{"taxonomy":"post_tag","embeddable":true,"href":"https:\/\/vocesparalelas.com.ar\/sitio\/wp-json\/wp\/v2\/tags?post=97106"}],"curies":[{"name":"wp","href":"https:\/\/api.w.org\/{rel}","templated":true}]}}