{"id":97082,"date":"2026-02-24T21:14:16","date_gmt":"2026-02-25T00:14:16","guid":{"rendered":"https:\/\/vocesparalelas.com.ar\/sitio\/?p=97082"},"modified":"2026-02-24T21:21:04","modified_gmt":"2026-02-25T00:21:04","slug":"asumio-la-secretaria-de-cultura-analia-vilches-en-el-ministerio-de-turismo-cultura-y-deporte-del-gobierno-de-san-juan","status":"publish","type":"post","link":"https:\/\/vocesparalelas.com.ar\/sitio\/asumio-la-secretaria-de-cultura-analia-vilches-en-el-ministerio-de-turismo-cultura-y-deporte-del-gobierno-de-san-juan\/","title":{"rendered":"Asumi\u00f3 la secretaria de Cultura, Anal\u00eda Vilches en el Ministerio de Turismo, Cultura y Deporte del Gobierno de San Juan"},"content":{"rendered":"<p>El ministro de Turismo, Cultura y Deporte del Gobierno de San Juan, Dr. Guido Romero, puso en funciones a la nueva secretaria de Cultura, Anal\u00eda Vilches, quien asumi\u00f3 el compromiso de continuar fortaleciendo las pol\u00edticas culturales en el territorio de San Juan.<\/p>\n<p><span style=\"color: #ff6600;\"><strong>Trayectoria de Anal\u00eda Vilches<\/strong><\/span><\/p>\n<p>La flamante funcionaria cuenta con una amplia trayectoria en la gesti\u00f3n p\u00fablica, especialmente en el \u00e1mbito municipal. Se desempe\u00f1\u00f3 durante catorce a\u00f1os en la Municipalidad de la Ciudad de Santa Luc\u00eda, donde fue parte del equipo t\u00e9cnico del \u00e1rea de Educaci\u00f3n y Cultura. Posteriormente, ejerci\u00f3 como directora de Cultura y luego, como secretaria de Educaci\u00f3n, Cultura y Deporte. En los \u00faltimos dos a\u00f1os, ocup\u00f3 el cargo de vicepresidenta del Concejo Deliberante, consolidando una experiencia integral en gesti\u00f3n, planificaci\u00f3n y trabajo territorial.<\/p>\n<p>La designaci\u00f3n de Anal\u00eda Vilches responde a la confianza depositada por el gobernador de San Juan, Dr. Marcelo Orrego, y por el ministro de Turismo, Cultura y Deporte, Dr. Guido Romero, quienes destacaron su capacidad de trabajo y conocimiento del sector cultural.<\/p>\n<p>En ese marco, la nueva secretaria de Cultura, Anal\u00eda Vilches destac\u00f3 que \u00abel trabajo coordinado por el ex secretario de Cultura, Eduardo Varela, quien permaneci\u00f3 en el cargo durante los \u00faltimos dos a\u00f1os. De esta manera, la intenci\u00f3n de dar continuidad a las pol\u00edticas en marcha\u00bb.<\/p>\n<p>\u201cMi objetivo es que sigamos construyendo sobre las bases que existen y que podamos trabajar en territorio y en equipo. La importancia de fortalecer una gesti\u00f3n cercana, participativa y articulada con los distintos actores culturales de la provincia de San Juan\u00bb &#8211; concluy\u00f3 la secretaria de Cultura, Anal\u00eda Vilches.<\/p>\n<p>Con esta asunci\u00f3n, el Ministerio de Turismo, Cultura y Deporte del Gobierno de San Juan reafirma su compromiso con el desarrollo cultural, promoviendo una agenda que impulse la identidad, la formaci\u00f3n y el acceso a la cultura en cada departamento.<\/p>\n<p><img loading=\"lazy\" decoding=\"async\" class=\"alignnone size-full wp-image-65642\" src=\"https:\/\/vocesparalelas.com.ar\/sitio\/wp-content\/uploads\/2023\/11\/GOBIERNO-SAN-JUAN.jpg\" alt=\"\" width=\"800\" height=\"600\" srcset=\"https:\/\/vocesparalelas.com.ar\/sitio\/wp-content\/uploads\/2023\/11\/GOBIERNO-SAN-JUAN.jpg 800w, https:\/\/vocesparalelas.com.ar\/sitio\/wp-content\/uploads\/2023\/11\/GOBIERNO-SAN-JUAN-300x225.jpg 300w, https:\/\/vocesparalelas.com.ar\/sitio\/wp-content\/uploads\/2023\/11\/GOBIERNO-SAN-JUAN-768x576.jpg 768w\" sizes=\"auto, (max-width: 800px) 100vw, 800px\" \/><\/p>\n","protected":false},"excerpt":{"rendered":"<p>El ministro de Turismo, Cultura y Deporte del Gobierno de San Juan, Dr. Guido Romero, puso en funciones a la<\/p>\n","protected":false},"author":3,"featured_media":97085,"comment_status":"closed","ping_status":"closed","sticky":false,"template":"","format":"standard","meta":{"_acf_changed":false,"_seopress_robots_primary_cat":"none","_seopress_titles_title":"","_seopress_titles_desc":"","_seopress_robots_index":"","colormag_page_container_layout":"default_layout","colormag_page_sidebar_layout":"default_layout","footnotes":""},"categories":[1],"tags":[],"class_list":["post-97082","post","type-post","status-publish","format-standard","has-post-thumbnail","hentry","category-destacadas"],"acf":[],"_links":{"self":[{"href":"https:\/\/vocesparalelas.com.ar\/sitio\/wp-json\/wp\/v2\/posts\/97082","targetHints":{"allow":["GET"]}}],"collection":[{"href":"https:\/\/vocesparalelas.com.ar\/sitio\/wp-json\/wp\/v2\/posts"}],"about":[{"href":"https:\/\/vocesparalelas.com.ar\/sitio\/wp-json\/wp\/v2\/types\/post"}],"author":[{"embeddable":true,"href":"https:\/\/vocesparalelas.com.ar\/sitio\/wp-json\/wp\/v2\/users\/3"}],"replies":[{"embeddable":true,"href":"https:\/\/vocesparalelas.com.ar\/sitio\/wp-json\/wp\/v2\/comments?post=97082"}],"version-history":[{"count":1,"href":"https:\/\/vocesparalelas.com.ar\/sitio\/wp-json\/wp\/v2\/posts\/97082\/revisions"}],"predecessor-version":[{"id":97086,"href":"https:\/\/vocesparalelas.com.ar\/sitio\/wp-json\/wp\/v2\/posts\/97082\/revisions\/97086"}],"wp:featuredmedia":[{"embeddable":true,"href":"https:\/\/vocesparalelas.com.ar\/sitio\/wp-json\/wp\/v2\/media\/97085"}],"wp:attachment":[{"href":"https:\/\/vocesparalelas.com.ar\/sitio\/wp-json\/wp\/v2\/media?parent=97082"}],"wp:term":[{"taxonomy":"category","embeddable":true,"href":"https:\/\/vocesparalelas.com.ar\/sitio\/wp-json\/wp\/v2\/categories?post=97082"},{"taxonomy":"post_tag","embeddable":true,"href":"https:\/\/vocesparalelas.com.ar\/sitio\/wp-json\/wp\/v2\/tags?post=97082"}],"curies":[{"name":"wp","href":"https:\/\/api.w.org\/{rel}","templated":true}]}}