{"id":97077,"date":"2026-02-24T20:16:25","date_gmt":"2026-02-24T23:16:25","guid":{"rendered":"https:\/\/vocesparalelas.com.ar\/sitio\/?p=97077"},"modified":"2026-02-24T20:16:25","modified_gmt":"2026-02-24T23:16:25","slug":"la-camara-de-diputados-aprobo-la-adenda-para-avanzar-con-obras-viales-en-san-juan","status":"publish","type":"post","link":"https:\/\/vocesparalelas.com.ar\/sitio\/la-camara-de-diputados-aprobo-la-adenda-para-avanzar-con-obras-viales-en-san-juan\/","title":{"rendered":"La C\u00e1mara de Diputados aprob\u00f3 la adenda para avanzar con obras viales en San Juan"},"content":{"rendered":"<p dir=\"ltr\">En la Primera Sesi\u00f3n Extraordinaria, la C\u00e1mara de Diputados de San Juan aprob\u00f3 la adenda al convenio suscripto entre la Direcci\u00f3n Nacional de Vialidad y el Ministerio de Infraestructura, Agua y Energ\u00eda de la Provincia, a fin de solicitar la autorizaci\u00f3n para delegar en la Direcci\u00f3n Provincial de Vialidad de San Juan las tareas inherentes a la ejecuci\u00f3n y financiamiento de diversas obras estrat\u00e9gicas.<\/p>\n<p dir=\"ltr\">Las intervenciones contempladas incluyen la intersecci\u00f3n de la Ruta Nacional N\u00ba 20 y calle Gorriti, en el departamento Santa Luc\u00eda, y distintas intersecciones sobre la Ruta Nacional N\u00ba 150, en el departamento Iglesia: calle Santa Luc\u00eda (calle municipal), Ruta Provincial N\u00ba 405 (ingreso oeste a Rodeo), Ruta Provincial N\u00ba 418 (acceso a la localidad de Pismanta) y calle Paoli (municipal).<\/p>\n<p dir=\"ltr\">Tras los fundamentos expuestos por el diputado Enzo Cornejo, el cuerpo legislativo acompa\u00f1\u00f3 la iniciativa. Durante el debate tambi\u00e9n realizaron aportes los diputados Miguel Vega, Gustavo Deguer, Cristina L\u00f3pez, Leopoldo Soler, Mario Herrero, Fernando Patinella, Emilio Escudero y Marcela Quiroga.<\/p>\n<p><strong><span style=\"color: #800080;\">Declaraci\u00f3n de inter\u00e9s<\/span><\/strong><\/p>\n<p dir=\"ltr\">Por otro lado, el cuerpo legislativo declar\u00f3 de inter\u00e9s deportivo, social, cultural y tur\u00edstico las competencias internacionales Ironman 70.3, Ironman 5150 e Ironman (Full Distance), que posicionan a la provincia en el calendario internacional del triatl\u00f3n. En la oportunidad, habl\u00f3 el diputado Gustavo Us\u00edn como miembro informante.<\/p>\n<p dir=\"ltr\"><strong><span style=\"color: #800080;\">Convenio de Compensaci\u00f3n de Prestaciones<\/span><\/strong><\/p>\n<p dir=\"ltr\">En la misma sesi\u00f3n, la Legislatura resolvi\u00f3 girar a comisiones el proyecto de ley remitido por el Poder Ejecutivo que propone ratificar el Convenio Espec\u00edfico de Compensaci\u00f3n de Prestaciones, suscripto el 1 de diciembre de 2025 entre el Gobierno de la Provincia de San Juan \u2014a trav\u00e9s de la Secretar\u00eda de Estado de Ambiente y Desarrollo Sustentable\u2014 y la Municipalidad de Rivadavia, en el marco del Convenio Provincia\u2013Municipios del Programa Estrat\u00e9gico de Gesti\u00f3n Integral de Residuos S\u00f3lidos Urbanos \u2013 Regi\u00f3n 1.<\/p>\n<p dir=\"ltr\">\n<figure id=\"attachment_37951\" aria-describedby=\"caption-attachment-37951\" style=\"width: 800px\" class=\"wp-caption alignnone\"><img loading=\"lazy\" decoding=\"async\" class=\"size-full wp-image-37951\" src=\"https:\/\/vocesparalelas.com.ar\/sitio\/wp-content\/uploads\/2021\/05\/CAMARA-EDIFICIO.jpg\" alt=\"\" width=\"800\" height=\"515\" srcset=\"https:\/\/vocesparalelas.com.ar\/sitio\/wp-content\/uploads\/2021\/05\/CAMARA-EDIFICIO.jpg 800w, https:\/\/vocesparalelas.com.ar\/sitio\/wp-content\/uploads\/2021\/05\/CAMARA-EDIFICIO-300x193.jpg 300w, https:\/\/vocesparalelas.com.ar\/sitio\/wp-content\/uploads\/2021\/05\/CAMARA-EDIFICIO-768x494.jpg 768w\" sizes=\"auto, (max-width: 800px) 100vw, 800px\" \/><figcaption id=\"caption-attachment-37951\" class=\"wp-caption-text\">Legislatura Provincial de San Juan, Rep\u00fablica Argentina<\/figcaption><\/figure>\n","protected":false},"excerpt":{"rendered":"<p>En la Primera Sesi\u00f3n Extraordinaria, la C\u00e1mara de Diputados de San Juan aprob\u00f3 la adenda al convenio suscripto entre la<\/p>\n","protected":false},"author":3,"featured_media":97080,"comment_status":"closed","ping_status":"closed","sticky":false,"template":"","format":"standard","meta":{"_acf_changed":false,"_seopress_robots_primary_cat":"none","_seopress_titles_title":"","_seopress_titles_desc":"","_seopress_robots_index":"","colormag_page_container_layout":"default_layout","colormag_page_sidebar_layout":"default_layout","footnotes":""},"categories":[1],"tags":[],"class_list":["post-97077","post","type-post","status-publish","format-standard","has-post-thumbnail","hentry","category-destacadas"],"acf":[],"_links":{"self":[{"href":"https:\/\/vocesparalelas.com.ar\/sitio\/wp-json\/wp\/v2\/posts\/97077","targetHints":{"allow":["GET"]}}],"collection":[{"href":"https:\/\/vocesparalelas.com.ar\/sitio\/wp-json\/wp\/v2\/posts"}],"about":[{"href":"https:\/\/vocesparalelas.com.ar\/sitio\/wp-json\/wp\/v2\/types\/post"}],"author":[{"embeddable":true,"href":"https:\/\/vocesparalelas.com.ar\/sitio\/wp-json\/wp\/v2\/users\/3"}],"replies":[{"embeddable":true,"href":"https:\/\/vocesparalelas.com.ar\/sitio\/wp-json\/wp\/v2\/comments?post=97077"}],"version-history":[{"count":1,"href":"https:\/\/vocesparalelas.com.ar\/sitio\/wp-json\/wp\/v2\/posts\/97077\/revisions"}],"predecessor-version":[{"id":97081,"href":"https:\/\/vocesparalelas.com.ar\/sitio\/wp-json\/wp\/v2\/posts\/97077\/revisions\/97081"}],"wp:featuredmedia":[{"embeddable":true,"href":"https:\/\/vocesparalelas.com.ar\/sitio\/wp-json\/wp\/v2\/media\/97080"}],"wp:attachment":[{"href":"https:\/\/vocesparalelas.com.ar\/sitio\/wp-json\/wp\/v2\/media?parent=97077"}],"wp:term":[{"taxonomy":"category","embeddable":true,"href":"https:\/\/vocesparalelas.com.ar\/sitio\/wp-json\/wp\/v2\/categories?post=97077"},{"taxonomy":"post_tag","embeddable":true,"href":"https:\/\/vocesparalelas.com.ar\/sitio\/wp-json\/wp\/v2\/tags?post=97077"}],"curies":[{"name":"wp","href":"https:\/\/api.w.org\/{rel}","templated":true}]}}