{"id":97073,"date":"2026-02-24T19:47:14","date_gmt":"2026-02-24T22:47:14","guid":{"rendered":"https:\/\/vocesparalelas.com.ar\/sitio\/?p=97073"},"modified":"2026-02-25T22:06:52","modified_gmt":"2026-02-26T01:06:52","slug":"el-gobierno-de-san-juan-incorporo-nuevas-app-gratuitas-con-recorridos-de-redtulum","status":"publish","type":"post","link":"https:\/\/vocesparalelas.com.ar\/sitio\/el-gobierno-de-san-juan-incorporo-nuevas-app-gratuitas-con-recorridos-de-redtulum\/","title":{"rendered":"El Gobierno de San Juan incorpor\u00f3 nuevas app gratuitas con recorridos de RedTulum"},"content":{"rendered":"<p>El Ministerio de Gobierno de San Juan informa que la aplicaci\u00f3n desarrollada por la empresa Moovit, que brindaba servicios de datos del transporte p\u00fablico de pasajeros de Red Tulum, deja de proveer su servicio en la provincia en marzo.<\/p>\n<p>Cabe destacar que, de manera previa y anticip\u00e1ndose a esta situaci\u00f3n, el Gobierno de San Juan gestion\u00f3 y logr\u00f3 incorporar de forma gratuita el servicio de informaci\u00f3n de transporte p\u00fablico en Google Maps.<\/p>\n<p>Esta decisi\u00f3n representa un ahorro significativo de recursos para el Estado Provincial, optimizando el uso de fondos p\u00fablicos sin afectar la calidad del servicio que reciben los sanjuaninos.<\/p>\n<p>De esta manera, los usuarios de Red Tulum podr\u00e1n continuar consultando recorridos, paradas y horarios del transporte p\u00fablico directamente desde Google Maps, con informaci\u00f3n actualizada y de f\u00e1cil acceso.<\/p>\n<p>Asimismo, se les brinda informaci\u00f3n sobre nuevas aplicaciones gratuitas que est\u00e1n vigentes y que pueden ser consultadas en AppStore y PlayStore:<\/p>\n<p><span style=\"color: #ff6600;\"><strong>Aplicaci\u00f3n RedTulum Wara (logo blanco y fucsia), brinda informaci\u00f3n en tiempo real sobre paradas y horarios de colectivos en toda la provincia.<\/strong><\/span><\/p>\n<ul>\n<li>Treep (logo verde): con planificador de viajes<\/li>\n<li>Moovit internacional (logo naranja) con tiempo real<\/li>\n<li>Bus 2: plataforma con planificador de viajes<\/li>\n<li>OpenStreet Maps: planificador de viajes<\/li>\n<\/ul>\n<p>El Ministerio de Gobierno de San Juan lleva tranquilidad a la comunidad, el acceso a la informaci\u00f3n del transporte p\u00fablico est\u00e1 garantizado y fortalecido, con alternativas gratuitas que permiten mantener el servicio activo y eficiente para todos los usuarios del Transporte P\u00fablico.<\/p>\n<p>&nbsp;<\/p>\n<p><img loading=\"lazy\" decoding=\"async\" class=\"alignnone size-full wp-image-65642\" src=\"https:\/\/vocesparalelas.com.ar\/sitio\/wp-content\/uploads\/2023\/11\/GOBIERNO-SAN-JUAN.jpg\" alt=\"\" width=\"800\" height=\"600\" srcset=\"https:\/\/vocesparalelas.com.ar\/sitio\/wp-content\/uploads\/2023\/11\/GOBIERNO-SAN-JUAN.jpg 800w, https:\/\/vocesparalelas.com.ar\/sitio\/wp-content\/uploads\/2023\/11\/GOBIERNO-SAN-JUAN-300x225.jpg 300w, https:\/\/vocesparalelas.com.ar\/sitio\/wp-content\/uploads\/2023\/11\/GOBIERNO-SAN-JUAN-768x576.jpg 768w\" sizes=\"auto, (max-width: 800px) 100vw, 800px\" \/><\/p>\n","protected":false},"excerpt":{"rendered":"<p>El Ministerio de Gobierno de San Juan informa que la aplicaci\u00f3n desarrollada por la empresa Moovit, que brindaba servicios de<\/p>\n","protected":false},"author":3,"featured_media":83510,"comment_status":"closed","ping_status":"closed","sticky":false,"template":"","format":"standard","meta":{"_acf_changed":false,"_seopress_robots_primary_cat":"none","_seopress_titles_title":"","_seopress_titles_desc":"","_seopress_robots_index":"","colormag_page_container_layout":"default_layout","colormag_page_sidebar_layout":"default_layout","footnotes":""},"categories":[5],"tags":[],"class_list":["post-97073","post","type-post","status-publish","format-standard","has-post-thumbnail","hentry","category-ofrecimientos"],"acf":[],"_links":{"self":[{"href":"https:\/\/vocesparalelas.com.ar\/sitio\/wp-json\/wp\/v2\/posts\/97073","targetHints":{"allow":["GET"]}}],"collection":[{"href":"https:\/\/vocesparalelas.com.ar\/sitio\/wp-json\/wp\/v2\/posts"}],"about":[{"href":"https:\/\/vocesparalelas.com.ar\/sitio\/wp-json\/wp\/v2\/types\/post"}],"author":[{"embeddable":true,"href":"https:\/\/vocesparalelas.com.ar\/sitio\/wp-json\/wp\/v2\/users\/3"}],"replies":[{"embeddable":true,"href":"https:\/\/vocesparalelas.com.ar\/sitio\/wp-json\/wp\/v2\/comments?post=97073"}],"version-history":[{"count":1,"href":"https:\/\/vocesparalelas.com.ar\/sitio\/wp-json\/wp\/v2\/posts\/97073\/revisions"}],"predecessor-version":[{"id":97076,"href":"https:\/\/vocesparalelas.com.ar\/sitio\/wp-json\/wp\/v2\/posts\/97073\/revisions\/97076"}],"wp:featuredmedia":[{"embeddable":true,"href":"https:\/\/vocesparalelas.com.ar\/sitio\/wp-json\/wp\/v2\/media\/83510"}],"wp:attachment":[{"href":"https:\/\/vocesparalelas.com.ar\/sitio\/wp-json\/wp\/v2\/media?parent=97073"}],"wp:term":[{"taxonomy":"category","embeddable":true,"href":"https:\/\/vocesparalelas.com.ar\/sitio\/wp-json\/wp\/v2\/categories?post=97073"},{"taxonomy":"post_tag","embeddable":true,"href":"https:\/\/vocesparalelas.com.ar\/sitio\/wp-json\/wp\/v2\/tags?post=97073"}],"curies":[{"name":"wp","href":"https:\/\/api.w.org\/{rel}","templated":true}]}}