{"id":97056,"date":"2026-02-27T19:35:17","date_gmt":"2026-02-27T22:35:17","guid":{"rendered":"https:\/\/vocesparalelas.com.ar\/sitio\/?p=97056"},"modified":"2026-02-27T23:30:53","modified_gmt":"2026-02-28T02:30:53","slug":"se-acreditan-los-sueldos-febrero-2026-para-los-empleados-publicos-de-san-juan","status":"publish","type":"post","link":"https:\/\/vocesparalelas.com.ar\/sitio\/se-acreditan-los-sueldos-febrero-2026-para-los-empleados-publicos-de-san-juan\/","title":{"rendered":"Se acreditan los sueldos \u00abFebrero 2026\u00bb para los Empleados P\u00fablicos de San Juan"},"content":{"rendered":"<p>El Ministerio de Econom\u00eda, Finanzas y Hacienda del\u00a0 Gobierno de San Juan informa el pago de haberes para la Administraci\u00f3n P\u00fablica Provincial correspondientes al mes de febrero de 2026. Los mismos est\u00e1n acreditados en cajeros el S\u00e1bado, 28 de Febrero.<\/p>\n<p>En esta ocasi\u00f3n, junto a los haberes se abona un monto de $100.000 (cien mil pesos) en concepto de Escolaridad por hijo.<\/p>\n<p>Se recuerda que los cajeros autom\u00e1ticos funcionan las 24 horas y que est\u00e1n vigentes las extracciones con tarjetas de d\u00e9bito en los principales supermercados y estaciones de servicio de la provincia, entre otros comercios identificados con el logo Visa &#8211; Extra Cash.<\/p>\n<p><img loading=\"lazy\" decoding=\"async\" class=\"alignnone size-full wp-image-65642\" src=\"https:\/\/vocesparalelas.com.ar\/sitio\/wp-content\/uploads\/2023\/11\/GOBIERNO-SAN-JUAN.jpg\" alt=\"\" width=\"800\" height=\"600\" srcset=\"https:\/\/vocesparalelas.com.ar\/sitio\/wp-content\/uploads\/2023\/11\/GOBIERNO-SAN-JUAN.jpg 800w, https:\/\/vocesparalelas.com.ar\/sitio\/wp-content\/uploads\/2023\/11\/GOBIERNO-SAN-JUAN-300x225.jpg 300w, https:\/\/vocesparalelas.com.ar\/sitio\/wp-content\/uploads\/2023\/11\/GOBIERNO-SAN-JUAN-768x576.jpg 768w\" sizes=\"auto, (max-width: 800px) 100vw, 800px\" \/><\/p>\n","protected":false},"excerpt":{"rendered":"<p>El Ministerio de Econom\u00eda, Finanzas y Hacienda del\u00a0 Gobierno de San Juan informa el pago de haberes para la Administraci\u00f3n<\/p>\n","protected":false},"author":3,"featured_media":5039,"comment_status":"closed","ping_status":"closed","sticky":false,"template":"","format":"standard","meta":{"_acf_changed":false,"_seopress_robots_primary_cat":"none","_seopress_titles_title":"","_seopress_titles_desc":"","_seopress_robots_index":"","colormag_page_container_layout":"default_layout","colormag_page_sidebar_layout":"default_layout","footnotes":""},"categories":[6],"tags":[],"class_list":["post-97056","post","type-post","status-publish","format-standard","has-post-thumbnail","hentry","category-eventos"],"acf":[],"_links":{"self":[{"href":"https:\/\/vocesparalelas.com.ar\/sitio\/wp-json\/wp\/v2\/posts\/97056","targetHints":{"allow":["GET"]}}],"collection":[{"href":"https:\/\/vocesparalelas.com.ar\/sitio\/wp-json\/wp\/v2\/posts"}],"about":[{"href":"https:\/\/vocesparalelas.com.ar\/sitio\/wp-json\/wp\/v2\/types\/post"}],"author":[{"embeddable":true,"href":"https:\/\/vocesparalelas.com.ar\/sitio\/wp-json\/wp\/v2\/users\/3"}],"replies":[{"embeddable":true,"href":"https:\/\/vocesparalelas.com.ar\/sitio\/wp-json\/wp\/v2\/comments?post=97056"}],"version-history":[{"count":1,"href":"https:\/\/vocesparalelas.com.ar\/sitio\/wp-json\/wp\/v2\/posts\/97056\/revisions"}],"predecessor-version":[{"id":97059,"href":"https:\/\/vocesparalelas.com.ar\/sitio\/wp-json\/wp\/v2\/posts\/97056\/revisions\/97059"}],"wp:featuredmedia":[{"embeddable":true,"href":"https:\/\/vocesparalelas.com.ar\/sitio\/wp-json\/wp\/v2\/media\/5039"}],"wp:attachment":[{"href":"https:\/\/vocesparalelas.com.ar\/sitio\/wp-json\/wp\/v2\/media?parent=97056"}],"wp:term":[{"taxonomy":"category","embeddable":true,"href":"https:\/\/vocesparalelas.com.ar\/sitio\/wp-json\/wp\/v2\/categories?post=97056"},{"taxonomy":"post_tag","embeddable":true,"href":"https:\/\/vocesparalelas.com.ar\/sitio\/wp-json\/wp\/v2\/tags?post=97056"}],"curies":[{"name":"wp","href":"https:\/\/api.w.org\/{rel}","templated":true}]}}