{"id":97052,"date":"2026-02-24T13:20:58","date_gmt":"2026-02-24T16:20:58","guid":{"rendered":"https:\/\/vocesparalelas.com.ar\/sitio\/?p=97052"},"modified":"2026-02-24T22:12:17","modified_gmt":"2026-02-25T01:12:17","slug":"inscripcion-ironman-70-3-san-juan-2026","status":"publish","type":"post","link":"https:\/\/vocesparalelas.com.ar\/sitio\/inscripcion-ironman-70-3-san-juan-2026\/","title":{"rendered":"Inscripci\u00f3n \u00abIronman 70.3 \u2013 San Juan 2026\u00bb"},"content":{"rendered":"<div class=\"cuerpo-principal\">\n<div class=\"itemBody gsp_content_wrapper_wrp_set gsp_block_wrp_wrp_ssblock_59914 gsp_content_wrapper_parent_set\">\n<div class=\"itemFullText\">\n<p>El Viernes, 27 de Febrero finaliza el periodo de inscripci\u00f3n con precio promocional para atletas de San Juan que deseen competir en el Ironman 70.3 \u2013 San Juan 2026, a celebrarse el Domingo, 29 de Marzo.<\/p>\n<p>La iniciativa est\u00e1 destinada a fomentar la participaci\u00f3n local; y es v\u00e1lida \u00fanicamente para atletas residentes en la provincia de San Juan, y que est\u00e9n afiliados y en condici\u00f3n reglamentaria con la Federaci\u00f3n de Triatl\u00f3n de San Juan.<\/p>\n<p><img loading=\"lazy\" decoding=\"async\" class=\"alignnone size-full wp-image-83020\" src=\"https:\/\/vocesparalelas.com.ar\/sitio\/wp-content\/uploads\/2025\/02\/TRIATLON-CORDILLERANO-01.jpg\" alt=\"\" width=\"800\" height=\"534\" srcset=\"https:\/\/vocesparalelas.com.ar\/sitio\/wp-content\/uploads\/2025\/02\/TRIATLON-CORDILLERANO-01.jpg 800w, https:\/\/vocesparalelas.com.ar\/sitio\/wp-content\/uploads\/2025\/02\/TRIATLON-CORDILLERANO-01-300x200.jpg 300w, https:\/\/vocesparalelas.com.ar\/sitio\/wp-content\/uploads\/2025\/02\/TRIATLON-CORDILLERANO-01-768x513.jpg 768w\" sizes=\"auto, (max-width: 800px) 100vw, 800px\" \/><\/p>\n<p>Este beneficio otorgado por el Gobierno de San Juan fue habilitado el martes 03 de febrero. Desde entonces, la cantidad de solicitudes ha ido en aumento. Al d\u00eda de hoy quedan los \u00faltimos cupos disponibles. Los interesados deben completar el siguiente formulario online\u00a0IRONMAN 70.3 \u2013 SAN JUAN \u2013 29 MARZO 2026.<\/p>\n<p><a href=\"https:\/\/docs.google.com\/forms\/d\/e\/1FAIpQLSdaIkENkRaDR6l-uLmRmiqLtKgZJx8eE261ooTHc5AlP-wUCg\/viewform\">https:\/\/docs.google.com\/forms\/d\/e\/1FAIpQLSdaIkENkRaDR6l-uLmRmiqLtKgZJx8eE261ooTHc5AlP-wUCg\/viewform<\/a><\/p>\n<p>Posterior al env\u00edo de la solicitud, y la verificaci\u00f3n del cumplimiento de los requisitos, organizaci\u00f3n de IRONMAN se comunicar\u00e1 a trav\u00e9s de correo electr\u00f3nico con quienes resulten habilitados. \u00c9stos recibir\u00e1n el c\u00f3digo de descuento, que deber\u00e1 utilizarse al momento de realizar la inscripci\u00f3n oficial, la cual se realizar\u00e1 de manera personal.<\/p>\n<p>Vale resaltar que los datos solicitados ser\u00e1n utilizados exclusivamente para la organizaci\u00f3n del evento y el seguro correspondiente, con car\u00e1cter confidencial y conforme a la normativa vigente. Por \u00faltimo, se recomienda completar el formulario con letra may\u00fascula, de forma clara y legible.<\/p>\n<p><img loading=\"lazy\" decoding=\"async\" class=\"alignnone size-full wp-image-83024\" src=\"https:\/\/vocesparalelas.com.ar\/sitio\/wp-content\/uploads\/2025\/02\/TRIATLON-CORDILLERANO-O3.jpg\" alt=\"\" width=\"800\" height=\"534\" srcset=\"https:\/\/vocesparalelas.com.ar\/sitio\/wp-content\/uploads\/2025\/02\/TRIATLON-CORDILLERANO-O3.jpg 800w, https:\/\/vocesparalelas.com.ar\/sitio\/wp-content\/uploads\/2025\/02\/TRIATLON-CORDILLERANO-O3-300x200.jpg 300w, https:\/\/vocesparalelas.com.ar\/sitio\/wp-content\/uploads\/2025\/02\/TRIATLON-CORDILLERANO-O3-768x513.jpg 768w\" sizes=\"auto, (max-width: 800px) 100vw, 800px\" \/><\/p>\n<\/div>\n<div class=\"clr\"><\/div>\n<\/div>\n<div class=\"itemSocialSharing\">\n<div class=\"itemTwitterButton\"><\/div>\n<div class=\"itemFacebookButton\">\n<div id=\"fb-root\" class=\" fb_reset\">\n<div>\n<div><\/div>\n<\/div>\n<\/div>\n<\/div>\n<\/div>\n<div class=\"itemBackToTop\"><\/div>\n<div class=\"clr\"><\/div>\n<\/div>\n","protected":false},"excerpt":{"rendered":"<p>El Viernes, 27 de Febrero finaliza el periodo de inscripci\u00f3n con precio promocional para atletas de San Juan que deseen<\/p>\n","protected":false},"author":3,"featured_media":69045,"comment_status":"closed","ping_status":"closed","sticky":false,"template":"","format":"standard","meta":{"_acf_changed":false,"_seopress_robots_primary_cat":"none","_seopress_titles_title":"","_seopress_titles_desc":"","_seopress_robots_index":"","colormag_page_container_layout":"default_layout","colormag_page_sidebar_layout":"default_layout","footnotes":""},"categories":[8],"tags":[],"class_list":["post-97052","post","type-post","status-publish","format-standard","has-post-thumbnail","hentry","category-concursos"],"acf":[],"_links":{"self":[{"href":"https:\/\/vocesparalelas.com.ar\/sitio\/wp-json\/wp\/v2\/posts\/97052","targetHints":{"allow":["GET"]}}],"collection":[{"href":"https:\/\/vocesparalelas.com.ar\/sitio\/wp-json\/wp\/v2\/posts"}],"about":[{"href":"https:\/\/vocesparalelas.com.ar\/sitio\/wp-json\/wp\/v2\/types\/post"}],"author":[{"embeddable":true,"href":"https:\/\/vocesparalelas.com.ar\/sitio\/wp-json\/wp\/v2\/users\/3"}],"replies":[{"embeddable":true,"href":"https:\/\/vocesparalelas.com.ar\/sitio\/wp-json\/wp\/v2\/comments?post=97052"}],"version-history":[{"count":1,"href":"https:\/\/vocesparalelas.com.ar\/sitio\/wp-json\/wp\/v2\/posts\/97052\/revisions"}],"predecessor-version":[{"id":97055,"href":"https:\/\/vocesparalelas.com.ar\/sitio\/wp-json\/wp\/v2\/posts\/97052\/revisions\/97055"}],"wp:featuredmedia":[{"embeddable":true,"href":"https:\/\/vocesparalelas.com.ar\/sitio\/wp-json\/wp\/v2\/media\/69045"}],"wp:attachment":[{"href":"https:\/\/vocesparalelas.com.ar\/sitio\/wp-json\/wp\/v2\/media?parent=97052"}],"wp:term":[{"taxonomy":"category","embeddable":true,"href":"https:\/\/vocesparalelas.com.ar\/sitio\/wp-json\/wp\/v2\/categories?post=97052"},{"taxonomy":"post_tag","embeddable":true,"href":"https:\/\/vocesparalelas.com.ar\/sitio\/wp-json\/wp\/v2\/tags?post=97052"}],"curies":[{"name":"wp","href":"https:\/\/api.w.org\/{rel}","templated":true}]}}