{"id":97043,"date":"2026-02-24T12:04:03","date_gmt":"2026-02-24T15:04:03","guid":{"rendered":"https:\/\/vocesparalelas.com.ar\/sitio\/?p=97043"},"modified":"2026-02-25T19:54:16","modified_gmt":"2026-02-25T22:54:16","slug":"cronograma-marzo-2026-de-colectas-de-sangre-en-san-juan","status":"publish","type":"post","link":"https:\/\/vocesparalelas.com.ar\/sitio\/cronograma-marzo-2026-de-colectas-de-sangre-en-san-juan\/","title":{"rendered":"Cronograma \u00abMarzo 2026\u00bb de Colectas de Sangre en San Juan"},"content":{"rendered":"<p>Las campa\u00f1as impulsadas por Instituto Provincial de Hemoterapia &#8211; IPHEM &#8211; del Ministerio de Salud del \u00a0Gobierno de San Juan, buscan garantizar un stock adecuado en el banco de sangre y convocan a la comunidad a sumarse como donantes voluntarios.<\/p>\n<p>Las jornadas forman parte de la estrategia permanente de promoci\u00f3n de la donaci\u00f3n voluntaria y habitual, una acci\u00f3n solidaria que resulta fundamental para garantizar la disponibilidad ante emergencias, cirug\u00edas y tratamientos m\u00e9dicos.<\/p>\n<p>Desde la cartera sanitaria se invita a la comunidad a acercarse a los sitios programados para concretar su donaci\u00f3n, recordando que cada aporte puede salvar hasta tres vidas. Asimismo, se destaca la importancia de sostener estas campa\u00f1as durante todo el a\u00f1o, ya que la demanda de sangre es permanente.<\/p>\n<p><strong><span style=\"color: #ff0000;\">Cronograma<\/span><\/strong><\/p>\n<p><strong><span style=\"color: #ff0000;\">Departamento\u00a0 J\u00e1chal<\/span><\/strong><\/p>\n<ul>\n<li>Martes 03 de Marzo<\/li>\n<li>Lugar: Sal\u00f3n Cultural Dalmira Rivas de Suizer<\/li>\n<li>Domicilio: Juan Echegaray 5460, J\u00e1chal, San Juan<\/li>\n<li>Horario: 8:30 \u2013 12 horas.<\/li>\n<\/ul>\n<p><span style=\"color: #ff0000;\"><strong>Departamento\u00a0 Albard\u00f3n<\/strong><\/span><\/p>\n<ul>\n<li>Viernes 06 de Marzo<\/li>\n<li>Lugar: Hospital Dr. Jos\u00e9 Giordano<\/li>\n<li>Domicilio: D.F Sarmiento s\/n, Albard\u00f3n, San Juan.<\/li>\n<li>Horario: 8 \u2013 12 Horas.<\/li>\n<\/ul>\n<p><strong><span style=\"color: #ff0000;\">Departamento\u00a0 Caucete<\/span><\/strong><\/p>\n<ul>\n<li>Mi\u00e9rcoles 11 de Marzo<\/li>\n<li>Lugar: Desarrollo infantil del Hospital Cesar Aguilar<\/li>\n<li>Domicilio: Diag. Sarmiento 42, Caucete, San Juan, Argentina.<\/li>\n<li>Horario: 8 \u2013 12 Horas.<\/li>\n<\/ul>\n<p><strong><span style=\"color: #ff0000;\">Departamento\u00a0 Valle F\u00e9rtil<\/span><\/strong><\/p>\n<ul>\n<li>Lunes 16 de Marzo<\/li>\n<li>Lugar: Sal\u00f3n UDAP<\/li>\n<li>Domicilio: Rivadavia, entre Tucum\u00e1n y Gral. Acha. Colabora Hospital Dr. Alejandro Albarrac\u00edn.<\/li>\n<li>Horario: 9:00 \u2013 12:00 horas.<\/li>\n<\/ul>\n<p><strong><span style=\"color: #ff0000;\">Departamento\u00a0 Pocito<\/span><\/strong><\/p>\n<ul>\n<li>Viernes 20 de Marzo<\/li>\n<li>Lugar: Hospital Dr. Federico Cantoni.<\/li>\n<li>Domicilio: Av. Int. Joaqu\u00edn U\u00f1ac entre 10 y 11, Villa Aberasta\u00edn, San Juan.<\/li>\n<li>Horario: 8 \u2013 12 Horas.<\/li>\n<\/ul>\n<p><strong><span style=\"color: #ff0000;\">Departamento Angaco<\/span><\/strong><\/p>\n<ul>\n<li>Viernes, 27 de Marzo<\/li>\n<li>Lugar: Centro de Jubilados de Angaco<\/li>\n<li>Domicilio: Calle San Mart\u00edn, entre Nacional y Rawson \u2013 Angaco<\/li>\n<li>Horario: 8:00 \u2013 12:00 horas. Colabora Hospital Dr. Rizo Esparza<\/li>\n<\/ul>\n<p><span style=\"color: #ff0000;\"><strong>Asimismo, el IPHEM recuerda los requisitos para ser donante:<\/strong><\/span><\/p>\n<ul>\n<li>Tener entre 18 y 65 a\u00f1os.<\/li>\n<li>Si la persona tiene piercing, tatuajes o cirug\u00edas debe esperar 12 meses desde que lo realiz\u00f3.<\/li>\n<li>Asistir con DNI.<\/li>\n<li>\u00a0Si se coloc\u00f3 la vacuna COVID-19, esperar 72 horas.<\/li>\n<li>\u00a0Desayunar liviano, con abundante cantidad de l\u00edquidos preferentemente que no sean l\u00e1cteos.<\/li>\n<\/ul>\n<p>Cualquier consulta por fuera de estos requisitos comunicarse la 4223571 o asistir al IPHEM en calle Rivadavia 728 (E) Capital.<\/p>\n<p>El Ministerio de Salud reafirma as\u00ed su compromiso con el fortalecimiento del sistema sanitario y apela a la conciencia solidaria de la poblaci\u00f3n para continuar construyendo una red de donantes voluntarios que permita dar respuesta oportuna a quienes lo necesiten.<\/p>\n<p>&nbsp;<\/p>\n<p><img loading=\"lazy\" decoding=\"async\" class=\"alignnone size-full wp-image-39473\" src=\"https:\/\/vocesparalelas.com.ar\/sitio\/wp-content\/uploads\/2021\/07\/IPHEM-EDIFICIO.jpg\" alt=\"\" width=\"800\" height=\"449\" srcset=\"https:\/\/vocesparalelas.com.ar\/sitio\/wp-content\/uploads\/2021\/07\/IPHEM-EDIFICIO.jpg 800w, https:\/\/vocesparalelas.com.ar\/sitio\/wp-content\/uploads\/2021\/07\/IPHEM-EDIFICIO-300x168.jpg 300w, https:\/\/vocesparalelas.com.ar\/sitio\/wp-content\/uploads\/2021\/07\/IPHEM-EDIFICIO-768x431.jpg 768w\" sizes=\"auto, (max-width: 800px) 100vw, 800px\" \/><\/p>\n","protected":false},"excerpt":{"rendered":"<p>Las campa\u00f1as impulsadas por Instituto Provincial de Hemoterapia &#8211; IPHEM &#8211; del Ministerio de Salud del \u00a0Gobierno de San Juan,<\/p>\n","protected":false},"author":3,"featured_media":12333,"comment_status":"closed","ping_status":"closed","sticky":false,"template":"","format":"standard","meta":{"_acf_changed":false,"_seopress_robots_primary_cat":"none","_seopress_titles_title":"","_seopress_titles_desc":"","_seopress_robots_index":"","colormag_page_container_layout":"default_layout","colormag_page_sidebar_layout":"default_layout","footnotes":""},"categories":[20],"tags":[],"class_list":["post-97043","post","type-post","status-publish","format-standard","has-post-thumbnail","hentry","category-cartelera"],"acf":[],"_links":{"self":[{"href":"https:\/\/vocesparalelas.com.ar\/sitio\/wp-json\/wp\/v2\/posts\/97043","targetHints":{"allow":["GET"]}}],"collection":[{"href":"https:\/\/vocesparalelas.com.ar\/sitio\/wp-json\/wp\/v2\/posts"}],"about":[{"href":"https:\/\/vocesparalelas.com.ar\/sitio\/wp-json\/wp\/v2\/types\/post"}],"author":[{"embeddable":true,"href":"https:\/\/vocesparalelas.com.ar\/sitio\/wp-json\/wp\/v2\/users\/3"}],"replies":[{"embeddable":true,"href":"https:\/\/vocesparalelas.com.ar\/sitio\/wp-json\/wp\/v2\/comments?post=97043"}],"version-history":[{"count":1,"href":"https:\/\/vocesparalelas.com.ar\/sitio\/wp-json\/wp\/v2\/posts\/97043\/revisions"}],"predecessor-version":[{"id":97046,"href":"https:\/\/vocesparalelas.com.ar\/sitio\/wp-json\/wp\/v2\/posts\/97043\/revisions\/97046"}],"wp:featuredmedia":[{"embeddable":true,"href":"https:\/\/vocesparalelas.com.ar\/sitio\/wp-json\/wp\/v2\/media\/12333"}],"wp:attachment":[{"href":"https:\/\/vocesparalelas.com.ar\/sitio\/wp-json\/wp\/v2\/media?parent=97043"}],"wp:term":[{"taxonomy":"category","embeddable":true,"href":"https:\/\/vocesparalelas.com.ar\/sitio\/wp-json\/wp\/v2\/categories?post=97043"},{"taxonomy":"post_tag","embeddable":true,"href":"https:\/\/vocesparalelas.com.ar\/sitio\/wp-json\/wp\/v2\/tags?post=97043"}],"curies":[{"name":"wp","href":"https:\/\/api.w.org\/{rel}","templated":true}]}}