{"id":97016,"date":"2026-02-23T22:32:36","date_gmt":"2026-02-24T01:32:36","guid":{"rendered":"https:\/\/vocesparalelas.com.ar\/sitio\/?p=97016"},"modified":"2026-02-24T19:38:53","modified_gmt":"2026-02-24T22:38:53","slug":"inauguraron-la-pavimentacion-y-urbanizacion-en-el-departamento-rivadavia-de-san-juan","status":"publish","type":"post","link":"https:\/\/vocesparalelas.com.ar\/sitio\/inauguraron-la-pavimentacion-y-urbanizacion-en-el-departamento-rivadavia-de-san-juan\/","title":{"rendered":"Inauguraron la pavimentaci\u00f3n y urbanizaci\u00f3n en el Departamento Rivadavia de San Juan"},"content":{"rendered":"<p>El Intendente de de la Municipalidad de Rivadavia, Sergio Miodowsky junto al Gobernador de San Juan, Dr. Marcelo Orrego, dejaron formalmente inauguradas las obras de repavimentaci\u00f3n y urbanizaci\u00f3n integral de los ejes Manuel Zavalla y Talcahuano.<\/p>\n<p>El acto comenz\u00f3 con la entonaci\u00f3n del Himno Nacional Argentino que permiti\u00f3 la unidad del trabajo conjunto para satisfacer el pedido de los vecinos por el bien com\u00fan.<\/p>\n<p><iframe loading=\"lazy\" title=\"RIVADAVIA HIMNO NACIONAL ARGENTINO \" width=\"800\" height=\"450\" src=\"https:\/\/www.youtube.com\/embed\/WUq-RIAOhlo?feature=oembed\" frameborder=\"0\" allow=\"accelerometer; autoplay; clipboard-write; encrypted-media; gyroscope; picture-in-picture; web-share\" referrerpolicy=\"strict-origin-when-cross-origin\" allowfullscreen><\/iframe><\/p>\n<p>Posteriormente, el Intendente de de la Municipalidad de Rivadavia, Sergio Miodowsky describi\u00f3 el trabajo realizado u el agradecimiento muy especial gobernador, Dr. Marcelo Orrego.<\/p>\n<p><iframe loading=\"lazy\" title=\"RIVADAVIA INTENDENTE SERGIO MIODOWSKY \" width=\"800\" height=\"450\" src=\"https:\/\/www.youtube.com\/embed\/oHLa4z_FrBk?feature=oembed\" frameborder=\"0\" allow=\"accelerometer; autoplay; clipboard-write; encrypted-media; gyroscope; picture-in-picture; web-share\" referrerpolicy=\"strict-origin-when-cross-origin\" allowfullscreen><\/iframe><\/p>\n<p>&nbsp;<\/p>\n<p>La obra, financiada a trav\u00e9s del fondo provincial FODERE y potenciada con recursos y mano de obra municipal, resuelve una demanda hist\u00f3rica de los vecinos y mejora significativamente la seguridad vial en la zona.<\/p>\n<p><span style=\"color: #ff6600;\"><strong>Los trabajos habilitados este lunes contemplaron una intervenci\u00f3n profunda en la calzada y su entorno:<\/strong><\/span><\/p>\n<p><iframe loading=\"lazy\" title=\"En Rivadavia, Orrego habilit\u00f3 un pavimento y anunci\u00f3 una doble v\u00eda para descomprimir Av. Libertador\" width=\"800\" height=\"450\" src=\"https:\/\/www.youtube.com\/embed\/XFGyNXsSLmI?feature=oembed\" frameborder=\"0\" allow=\"accelerometer; autoplay; clipboard-write; encrypted-media; gyroscope; picture-in-picture; web-share\" referrerpolicy=\"strict-origin-when-cross-origin\" allowfullscreen><\/iframe><\/p>\n<ul>\n<li>Calle Manuel Zavalla (Ex Caba\u00f1a): Se concret\u00f3 la repavimentaci\u00f3n desde Av. Libertador hasta Calle Talcahuano, con un total de 2.520 metros cuadrados de nueva carpeta asf\u00e1ltica.<\/li>\n<li>Calle Talcahuano: La obra se extendi\u00f3 desde Manuel Zavalla hasta Calle Vieytes, sumando 4.800 metros cuadrados de pavimento.<\/li>\n<li>Urbanizaci\u00f3n Integral: Complementando el asfalto, el municipio ejecut\u00f3 en Calle Manuel Zavalla la construcci\u00f3n de 207 metros lineales de cuneta, 605 metros lineales de zapata y cord\u00f3n, y 1.256 metros cuadrados de banquina.<\/li>\n<li>Detalles Finales: Se instalaron puentes rampa y vecinales, junto a la pintura general de se\u00f1alizaci\u00f3n horizontal en sendas peatonales y postes.<\/li>\n<li>Continuidad del plan de obras que incluir\u00e1 la pavimentaci\u00f3n de la continuaci\u00f3n de calle Talcahuano (desde Vieytes hasta Santa Mar\u00eda de Oro) para descomprimir el tr\u00e1nsito, as\u00ed como la intervenci\u00f3n en el Barrio Costa Canal y el Barrio Stotac (calles Illia y Espejo).<\/li>\n<\/ul>\n<p>&nbsp;<\/p>\n<p><img loading=\"lazy\" decoding=\"async\" class=\"alignnone size-full wp-image-96825\" src=\"https:\/\/vocesparalelas.com.ar\/sitio\/wp-content\/uploads\/2026\/02\/RIVADAVIA-LOO-2026.jpg\" alt=\"\" width=\"800\" height=\"498\" srcset=\"https:\/\/vocesparalelas.com.ar\/sitio\/wp-content\/uploads\/2026\/02\/RIVADAVIA-LOO-2026.jpg 800w, https:\/\/vocesparalelas.com.ar\/sitio\/wp-content\/uploads\/2026\/02\/RIVADAVIA-LOO-2026-300x187.jpg 300w, https:\/\/vocesparalelas.com.ar\/sitio\/wp-content\/uploads\/2026\/02\/RIVADAVIA-LOO-2026-768x478.jpg 768w\" sizes=\"auto, (max-width: 800px) 100vw, 800px\" \/><\/p>\n","protected":false},"excerpt":{"rendered":"<p>El Intendente de de la Municipalidad de Rivadavia, Sergio Miodowsky junto al Gobernador de San Juan, Dr. Marcelo Orrego, dejaron<\/p>\n","protected":false},"author":3,"featured_media":97019,"comment_status":"closed","ping_status":"closed","sticky":false,"template":"","format":"standard","meta":{"_acf_changed":false,"_seopress_robots_primary_cat":"none","_seopress_titles_title":"","_seopress_titles_desc":"","_seopress_robots_index":"","colormag_page_container_layout":"default_layout","colormag_page_sidebar_layout":"default_layout","footnotes":""},"categories":[1,7],"tags":[],"class_list":["post-97016","post","type-post","status-publish","format-standard","has-post-thumbnail","hentry","category-destacadas","category-videos"],"acf":[],"_links":{"self":[{"href":"https:\/\/vocesparalelas.com.ar\/sitio\/wp-json\/wp\/v2\/posts\/97016","targetHints":{"allow":["GET"]}}],"collection":[{"href":"https:\/\/vocesparalelas.com.ar\/sitio\/wp-json\/wp\/v2\/posts"}],"about":[{"href":"https:\/\/vocesparalelas.com.ar\/sitio\/wp-json\/wp\/v2\/types\/post"}],"author":[{"embeddable":true,"href":"https:\/\/vocesparalelas.com.ar\/sitio\/wp-json\/wp\/v2\/users\/3"}],"replies":[{"embeddable":true,"href":"https:\/\/vocesparalelas.com.ar\/sitio\/wp-json\/wp\/v2\/comments?post=97016"}],"version-history":[{"count":3,"href":"https:\/\/vocesparalelas.com.ar\/sitio\/wp-json\/wp\/v2\/posts\/97016\/revisions"}],"predecessor-version":[{"id":97072,"href":"https:\/\/vocesparalelas.com.ar\/sitio\/wp-json\/wp\/v2\/posts\/97016\/revisions\/97072"}],"wp:featuredmedia":[{"embeddable":true,"href":"https:\/\/vocesparalelas.com.ar\/sitio\/wp-json\/wp\/v2\/media\/97019"}],"wp:attachment":[{"href":"https:\/\/vocesparalelas.com.ar\/sitio\/wp-json\/wp\/v2\/media?parent=97016"}],"wp:term":[{"taxonomy":"category","embeddable":true,"href":"https:\/\/vocesparalelas.com.ar\/sitio\/wp-json\/wp\/v2\/categories?post=97016"},{"taxonomy":"post_tag","embeddable":true,"href":"https:\/\/vocesparalelas.com.ar\/sitio\/wp-json\/wp\/v2\/tags?post=97016"}],"curies":[{"name":"wp","href":"https:\/\/api.w.org\/{rel}","templated":true}]}}