{"id":97011,"date":"2026-02-23T22:47:20","date_gmt":"2026-02-24T01:47:20","guid":{"rendered":"https:\/\/vocesparalelas.com.ar\/sitio\/?p=97011"},"modified":"2026-02-25T20:46:32","modified_gmt":"2026-02-25T23:46:32","slug":"primera-sesion-extraordinaria-de-la-camara-de-diputados-de-san-juan-3","status":"publish","type":"post","link":"https:\/\/vocesparalelas.com.ar\/sitio\/primera-sesion-extraordinaria-de-la-camara-de-diputados-de-san-juan-3\/","title":{"rendered":"Primera Sesi\u00f3n Extraordinaria de la C\u00e1mara de Diputados de San Juan"},"content":{"rendered":"<p dir=\"ltr\">La C\u00e1mara de Diputados de San Juan celebrar\u00e1 la Primera Sesi\u00f3n Extraordinaria el Martes, 24 de Febrero, a las 9.30 horas.<\/p>\n<p dir=\"ltr\">Los interesados pueden seguir la sesi\u00f3n en vivo en el canal de YouTube<\/p>\n<p dir=\"ltr\"><a href=\"https:\/\/www.youtube.com\/live\/NMXG4UwlDiE\">https:\/\/www.youtube.com\/live\/NMXG4UwlDiE<\/a><\/p>\n<p dir=\"ltr\"><strong><span style=\"color: #993366;\">Temas a tratar\u00a0<\/span><\/strong><\/p>\n<p dir=\"ltr\"><strong><span style=\"color: #993366;\">Adenda al convenio entre Vialidad Nacional y Ministerio de Infraestructura\u00a0<\/span><\/strong><\/p>\n<p dir=\"ltr\">La Legislatura tratar\u00e1 sobre tablas un proyecto de Ley remitido por el Poder Ejecutivo que propone aprobar la\u00a0Adenda al Convenio suscripto entre la Direcci\u00f3n Nacional de Vialidad y el Ministerio de Infraestructura, Agua y Energ\u00eda de la Provincia,\u00a0destinada a la ejecuci\u00f3n de las siguientes obras:<\/p>\n<ul>\n<li dir=\"ltr\" aria-level=\"2\">\n<p dir=\"ltr\" role=\"presentation\">Intersecci\u00f3n de Ruta Nacional N\u00ba 20 y calle Gorriti, en el departamento Santa Luc\u00eda.<\/p>\n<\/li>\n<li dir=\"ltr\" aria-level=\"2\">\n<p dir=\"ltr\" role=\"presentation\">Intersecciones sobre Ruta Nacional N\u00ba 150 (departamento Iglesia) con:<\/p>\n<ol>\n<li dir=\"ltr\" aria-level=\"3\">\n<p dir=\"ltr\" role=\"presentation\">Calle Santa Luc\u00eda (calle Municipal).<\/p>\n<\/li>\n<li dir=\"ltr\" aria-level=\"3\">\n<p dir=\"ltr\" role=\"presentation\">Ruta Provincial N\u00ba 405 (ingreso oeste a Rodeo).<\/p>\n<\/li>\n<li dir=\"ltr\" aria-level=\"3\">\n<p dir=\"ltr\" role=\"presentation\">Ruta Provincial N\u00ba 418 (ingreso a la localidad de Pismanta).<\/p>\n<\/li>\n<li dir=\"ltr\" aria-level=\"3\">\n<p dir=\"ltr\" role=\"presentation\">Calle Paoli (Municipal).<\/p>\n<\/li>\n<\/ol>\n<\/li>\n<\/ul>\n<p dir=\"ltr\"><strong><span style=\"color: #993366;\">Convenio de Compensaci\u00f3n de Prestaciones\u00a0<\/span><\/strong><\/p>\n<p dir=\"ltr\">Por otra parte, los legisladores pondr\u00e1n a consideraci\u00f3n un proyecto del Poder Ejecutivo que propone ratificar el Convenio Espec\u00edfico de Compensaci\u00f3n de Prestaciones, suscripto el 1 de diciembre de 2025 entre el Gobierno de la Provincia de San Juan, a trav\u00e9s de la Secretar\u00eda de Estado de Ambiente y Desarrollo Sustentable, y la Municipalidad de Rivadavia, en el marco del Convenio Provincia\u2013Municipios del Programa Estrat\u00e9gico de Gesti\u00f3n Integral de Residuos S\u00f3lidos Urbanos \u2013 Regi\u00f3n 1.<\/p>\n<p dir=\"ltr\"><strong><span style=\"color: #993366;\">Proyecto de Resoluci\u00f3n<\/span><\/strong><\/p>\n<p dir=\"ltr\">En la ocasi\u00f3n, el cuerpo legislativo tratar\u00e1 un proyecto de Resoluci\u00f3n presentado por el Interbloque Cambia San Juan, mediante el cual se propone declarar de inter\u00e9s Deportivo, Social, Cultural y Tur\u00edstico, la competencia internacional Ironman 70.3, Ironman 5150 e Ironman (Full Distance).<\/p>\n<p dir=\"ltr\"><span style=\"color: #993366;\"><strong>Proyectos que ingresan a comisiones<\/strong><\/span><\/p>\n<p dir=\"ltr\">En la Primera Sesi\u00f3n Extraordinaria ser\u00e1n girados a sus respectivas comisiones los siguientes proyectos de Ley que proponen:<\/p>\n<ul>\n<li dir=\"ltr\" aria-level=\"1\">\n<p dir=\"ltr\" role=\"presentation\">Aprobar el Convenio L\u00ednea de Cosecha, Acarreo y Elaboraci\u00f3n 2026, suscripto entre la provincia de San Juan y el Banco de San Juan S.A. (Comisiones: Legislaci\u00f3n y Asuntos Constitucionales\/ Hacienda y Presupuesto\/ Agricultura y Ganader\u00eda)<\/p>\n<\/li>\n<li dir=\"ltr\" aria-level=\"1\">\n<p dir=\"ltr\" role=\"presentation\">Ratificar el Convenio Marco de Asistencia y Cooperaci\u00f3n suscripto entre el Ministerio de Familia y Desarrollo Humano y la firma Glencore Pach\u00f3n S.A. (Comisiones: Legislaci\u00f3n y Asuntos Constitucionales\/ Desarrollo Humano y Laboral)<\/p>\n<\/li>\n<li dir=\"ltr\" aria-level=\"1\">\n<p dir=\"ltr\" role=\"presentation\">\u00a0Aprobar el Convenio Marco celebrado entre el Ministerio de Salud y la Universidad Nacional de San Luis, con el objeto de establecer mutua cooperaci\u00f3n para la realizaci\u00f3n de actividades de investigaci\u00f3n, acad\u00e9micas y docentes. (Comisiones: Legislaci\u00f3n y Asuntos Constitucionales\/ Salud y Discapacidad\/ Educaci\u00f3n, Ciencia, T\u00e9cnica y Cultura)<\/p>\n<\/li>\n<li dir=\"ltr\" aria-level=\"1\">\n<p dir=\"ltr\" role=\"presentation\">Aprobar los convenios celebrados entre el Ministerio de Familia y Desarrollo Humano y los diecinueve (19) Municipios de la Provincia, con el objeto de promover pol\u00edticas p\u00fablicas para la implementaci\u00f3n del Programa Unidad Municipal de los Consumos Problem\u00e1ticos. (Comisiones: Legislaci\u00f3n y Asuntos Constitucionales\/ Desarrollo Humano y Laboral\/ Hacienda y Presupuesto)<\/p>\n<\/li>\n<li dir=\"ltr\" aria-level=\"1\">\n<p dir=\"ltr\" role=\"presentation\">Aprobar los Convenios celebrados entre el Ministerio de Familia y Desarrollo Humano y los diecinueve (19) Municipios de la Provincia, en el marco de la conformaci\u00f3n de los Equipos T\u00e9cnicos del Programa Dispositivos del \u00c1rea G\u00e9nero para el a\u00f1o 2026. (Comisiones: Legislaci\u00f3n y Asuntos Constitucionales\/ Desarrollo Humano y Laboral\/ Hacienda y Presupuesto\/\u00a0 Mujer, G\u00e9nero y Diversidad)<\/p>\n<\/li>\n<li dir=\"ltr\" aria-level=\"1\">\n<p dir=\"ltr\" role=\"presentation\">Crear un cargo de Asesor\/a Oficial de Menores e Incapaces para la Segunda Circunscripci\u00f3n Judicial. (Poder Judicial. Comisiones: Legislaci\u00f3n y Asuntos Constitucionales\/ Justicia y Seguridad\/ Hacienda y Presupuesto)<\/p>\n<\/li>\n<li dir=\"ltr\" aria-level=\"1\">\n<p dir=\"ltr\" role=\"presentation\">Crean cargos de Magistrados de Primera Instancia del Fuero Familia Primera Circunscripci\u00f3n Judicial, un cargo de Juez de Paz Letrado y un cargo de Magistrado de Primera Instancia de la Segunda Circunscripci\u00f3n Judicial. (Poder Judicial. Comisiones: Legislaci\u00f3n y Asuntos Constitucionales\/ Justicia y Seguridad \/ Hacienda y Presupuesto)<\/p>\n<\/li>\n<li dir=\"ltr\" aria-level=\"1\">\n<p dir=\"ltr\" role=\"presentation\">Modificar la Ley N\u00b0 279-A, creaci\u00f3n del Sistema Provincial de Archivos. (Bloque Justicialista. Comisiones: Legislaci\u00f3n y Asuntos Constitucionales\/ Peticiones y Poderes)<\/p>\n<\/li>\n<li dir=\"ltr\" aria-level=\"1\">\n<p dir=\"ltr\" role=\"presentation\">Crear el Registro de Deudores Alimentarios Morosos en la provincia de San Juan, con el fin de implementar medidas para asegurar el cumplimiento de la obligaci\u00f3n alimentaria. (Bloque Justicialista. Comisiones: Legislaci\u00f3n y Asuntos Constitucionales\/ Justicia y Seguridad)<\/p>\n<\/li>\n<li dir=\"ltr\" aria-level=\"1\">\n<p dir=\"ltr\" role=\"presentation\">Adherir la provincia de San Juan a la Ley Nacional N\u00b0 27.372,\u00a0de Derechos y Garant\u00edas de las Personas V\u00edctimas de Delitos. (Bloque Justicialista. Comisiones: Legislaci\u00f3n y Asuntos Constitucionales\/ Justicia y Seguridad)<\/p>\n<\/li>\n<li dir=\"ltr\" aria-level=\"1\">\n<p dir=\"ltr\" role=\"presentation\">Modificar la Ley N\u00b0 447-S, creaci\u00f3n de la Caja de Previsi\u00f3n para profesionales m\u00e9dicos, odont\u00f3logos y bioqu\u00edmicos de la provincia de San Juan. (Bloque Justicialista. Comisiones: Legislaci\u00f3n y Asuntos Constitucionales\/ Salud y Discapacidad\/ Hacienda y Presupuesto)<\/p>\n<\/li>\n<li dir=\"ltr\" aria-level=\"1\">\n<p dir=\"ltr\" role=\"presentation\">Adherir la provincia de San Juan a la Ley Nacional N\u00b0 27.716, diagn\u00f3stico humanizado. (Bloque Justicialista. Comisiones: Legislaci\u00f3n y Asuntos Constitucionales\/ Salud y Discapacidad)<\/p>\n<\/li>\n<li dir=\"ltr\" aria-level=\"1\">\n<p dir=\"ltr\" role=\"presentation\">Crear el Defensor de los Derechos de Ni\u00f1os, Ni\u00f1as y Adolescentes. (Bloque Justicialista. Comisiones: Legislaci\u00f3n y Asuntos Constitucionales\/ Derechos Humanos y Garant\u00edas\/ Hacienda y Presupuesto)<\/p>\n<\/li>\n<li dir=\"ltr\" aria-level=\"1\">\n<p dir=\"ltr\" role=\"presentation\">Implementar en la Provincia la figura del Abogado\/a de Ni\u00f1os, Ni\u00f1as y Adolescentes. (Bloque Justicialista. Comisiones: Legislaci\u00f3n y Asuntos Constitucionales\/ Justicia y Seguridad)<\/p>\n<\/li>\n<li dir=\"ltr\" aria-level=\"1\">\n<p dir=\"ltr\" role=\"presentation\">Crear el R\u00e9gimen de Simplificaci\u00f3n Administrativa y Agilizaci\u00f3n de Tr\u00e1mites. (Bloque Bloquista. Comisiones: Legislaci\u00f3n y Asuntos Constitucionales\/ Justicia y Seguridad\/ Educaci\u00f3n, Ciencia, T\u00e9cnica y Cultura\/ Hacienda y Presupuesto)<\/p>\n<\/li>\n<\/ul>\n<p dir=\"ltr\">\u00a0Asimismo, tomar\u00e1n estado parlamentario los siguientes proyectos de Resoluci\u00f3n que proponen declarar de inter\u00e9s:<\/p>\n<ul>\n<li dir=\"ltr\" aria-level=\"1\">\n<p dir=\"ltr\" role=\"presentation\">El Torneo Abierto de Artes Marciales denominado 50\u00b0 Aniversario. (Interbloque Cambia San Juan. Comisi\u00f3n: Deporte y Turismo)<\/p>\n<\/li>\n<li dir=\"ltr\" aria-level=\"1\">\n<p dir=\"ltr\" role=\"presentation\">\u00a0El programa radial El Coleccionista de Historias, emitido por Estaci\u00f3n Claridad 97.1. (Bloque Bloquista. Comisi\u00f3n: Educaci\u00f3n, Ciencia, T\u00e9cnica y Cultura)<\/p>\n<\/li>\n<li dir=\"ltr\" aria-level=\"1\">\n<p dir=\"ltr\" role=\"presentation\">La obra literaria Matayam: La Profec\u00eda y El Medall\u00f3n, del autor Dr. Jos\u00e9 Antonio Carrascosa Fuentes. (Interbloque Cambia San Juan. Comisi\u00f3n: Educaci\u00f3n, Ciencia, T\u00e9cnica y Cultura)<\/p>\n<\/li>\n<\/ul>\n<p dir=\"ltr\">Tambi\u00e9n ingres\u00f3 a las comisiones de Peticiones y Poderes y Derechos Humanos y Garant\u00edas, un proyecto de Resoluci\u00f3n presentado por el bloque Justicialista, por el que se modifica el Reglamento Interno de la C\u00e1mara de Diputados, con el fin de crear la Comisi\u00f3n Interna Permanente de Ni\u00f1os, Ni\u00f1as y Adolescentes.<\/p>\n<p dir=\"ltr\"><strong><span style=\"color: #993366;\">Proyectos de Comunicaci\u00f3n<\/span><\/strong><\/p>\n<p dir=\"ltr\">\u00a0Adem\u00e1s, ser\u00e1n girados a sus respectivas comisiones los siguientes proyectos de comunicaci\u00f3n que solicitan:<\/p>\n<ul>\n<li dir=\"ltr\" aria-level=\"1\">\n<p dir=\"ltr\" role=\"presentation\">Informe sobre la situaci\u00f3n actual de los drenajes fluviales ejecutados para la protecci\u00f3n de la Central Hidroel\u00e9ctrica de Ull\u00fam La Olla. (Bloque Mejor Nosotros. Comisiones: Obras y Servicios P\u00fablicos\/ Miner\u00eda y Energ\u00eda)<\/p>\n<\/li>\n<li dir=\"ltr\" aria-level=\"1\">\n<p dir=\"ltr\" role=\"presentation\">Informe sobre las medidas adoptadas ante los da\u00f1os ocasionados por intensas lluvias y ca\u00edda de granizo en los departamentos de Rawson y Pocito. (Bloque Justicialista. Comisiones: Agricultura y Ganader\u00eda\/ Econom\u00eda y Defensa de Consumidor)<\/p>\n<\/li>\n<\/ul>\n<p dir=\"ltr\">Por \u00faltimo, el cuerpo legislativo tomar\u00e1 conocimiento de la Comunicaci\u00f3n Oficial remitida por el EPRE por la que se remite nota referida a la Resoluci\u00f3n N\u00ba 80\/26, Revisi\u00f3n Tarifaria Ordinaria (RTO) del quinquenio comprendido entre el 23 de enero de 2026 y el 22 de enero de 2031.<\/p>\n<p dir=\"ltr\">En este contexto, Voces Paralelas desarroll\u00f3 una entrevista period\u00edstica a la Diputada Lic. Mar\u00eda Rita Lascano, quien describi\u00f3 lo que significa la Primera Sesi\u00f3n Extraordinaria de la C\u00e1mara de Diputados de San Juan y los temas a tratar.<\/p>\n<p><iframe loading=\"lazy\" title=\"CDSJ DIPUTADA LIC MARIA RITA LAZCANO\" width=\"800\" height=\"450\" src=\"https:\/\/www.youtube.com\/embed\/OBFZg2A4WS4?feature=oembed\" frameborder=\"0\" allow=\"accelerometer; autoplay; clipboard-write; encrypted-media; gyroscope; picture-in-picture; web-share\" referrerpolicy=\"strict-origin-when-cross-origin\" allowfullscreen><\/iframe><\/p>\n<figure id=\"attachment_37951\" aria-describedby=\"caption-attachment-37951\" style=\"width: 800px\" class=\"wp-caption alignnone\"><img loading=\"lazy\" decoding=\"async\" class=\"size-full wp-image-37951\" src=\"https:\/\/vocesparalelas.com.ar\/sitio\/wp-content\/uploads\/2021\/05\/CAMARA-EDIFICIO.jpg\" alt=\"\" width=\"800\" height=\"515\" srcset=\"https:\/\/vocesparalelas.com.ar\/sitio\/wp-content\/uploads\/2021\/05\/CAMARA-EDIFICIO.jpg 800w, https:\/\/vocesparalelas.com.ar\/sitio\/wp-content\/uploads\/2021\/05\/CAMARA-EDIFICIO-300x193.jpg 300w, https:\/\/vocesparalelas.com.ar\/sitio\/wp-content\/uploads\/2021\/05\/CAMARA-EDIFICIO-768x494.jpg 768w\" sizes=\"auto, (max-width: 800px) 100vw, 800px\" \/><figcaption id=\"caption-attachment-37951\" class=\"wp-caption-text\">Legislatura Provincial de San Juan, Rep\u00fablica Argentina<\/figcaption><\/figure>\n<p>&nbsp;<\/p>\n<p>&nbsp;<\/p>\n","protected":false},"excerpt":{"rendered":"<p>La C\u00e1mara de Diputados de San Juan celebrar\u00e1 la Primera Sesi\u00f3n Extraordinaria el Martes, 24 de Febrero, a las 9.30<\/p>\n","protected":false},"author":3,"featured_media":97014,"comment_status":"closed","ping_status":"closed","sticky":false,"template":"","format":"standard","meta":{"_acf_changed":false,"_seopress_robots_primary_cat":"none","_seopress_titles_title":"","_seopress_titles_desc":"","_seopress_robots_index":"","colormag_page_container_layout":"default_layout","colormag_page_sidebar_layout":"default_layout","footnotes":""},"categories":[10,7],"tags":[],"class_list":["post-97011","post","type-post","status-publish","format-standard","has-post-thumbnail","hentry","category-opiniones","category-videos"],"acf":[],"_links":{"self":[{"href":"https:\/\/vocesparalelas.com.ar\/sitio\/wp-json\/wp\/v2\/posts\/97011","targetHints":{"allow":["GET"]}}],"collection":[{"href":"https:\/\/vocesparalelas.com.ar\/sitio\/wp-json\/wp\/v2\/posts"}],"about":[{"href":"https:\/\/vocesparalelas.com.ar\/sitio\/wp-json\/wp\/v2\/types\/post"}],"author":[{"embeddable":true,"href":"https:\/\/vocesparalelas.com.ar\/sitio\/wp-json\/wp\/v2\/users\/3"}],"replies":[{"embeddable":true,"href":"https:\/\/vocesparalelas.com.ar\/sitio\/wp-json\/wp\/v2\/comments?post=97011"}],"version-history":[{"count":1,"href":"https:\/\/vocesparalelas.com.ar\/sitio\/wp-json\/wp\/v2\/posts\/97011\/revisions"}],"predecessor-version":[{"id":97015,"href":"https:\/\/vocesparalelas.com.ar\/sitio\/wp-json\/wp\/v2\/posts\/97011\/revisions\/97015"}],"wp:featuredmedia":[{"embeddable":true,"href":"https:\/\/vocesparalelas.com.ar\/sitio\/wp-json\/wp\/v2\/media\/97014"}],"wp:attachment":[{"href":"https:\/\/vocesparalelas.com.ar\/sitio\/wp-json\/wp\/v2\/media?parent=97011"}],"wp:term":[{"taxonomy":"category","embeddable":true,"href":"https:\/\/vocesparalelas.com.ar\/sitio\/wp-json\/wp\/v2\/categories?post=97011"},{"taxonomy":"post_tag","embeddable":true,"href":"https:\/\/vocesparalelas.com.ar\/sitio\/wp-json\/wp\/v2\/tags?post=97011"}],"curies":[{"name":"wp","href":"https:\/\/api.w.org\/{rel}","templated":true}]}}