{"id":96994,"date":"2026-02-23T21:50:52","date_gmt":"2026-02-24T00:50:52","guid":{"rendered":"https:\/\/vocesparalelas.com.ar\/sitio\/?p=96994"},"modified":"2026-02-24T14:04:32","modified_gmt":"2026-02-24T17:04:32","slug":"videoclip-del-single-indeleble-del-cantautor-de-san-juan-dr-pablo-maldonado","status":"publish","type":"post","link":"https:\/\/vocesparalelas.com.ar\/sitio\/videoclip-del-single-indeleble-del-cantautor-de-san-juan-dr-pablo-maldonado\/","title":{"rendered":"Videoclip del single \u00abIndeleble\u00bb del Cantautor de San Juan, Dr. Pablo Maldonado"},"content":{"rendered":"<p>El Cantautor de San Juan, Dr. Pablo Maldonado presenta el Videoclip del single INDELEBLE, un sue\u00f1o real que cumpli\u00f3. Su trabajo se extiende con el fin de hacer conocer San Juan. Producci\u00f3n impecable de un equipo comprometido para alcanzar el mejor nivel.<\/p>\n<p>En este contexto, Voces Paralelas desarroll\u00f3 una entrevista period\u00edstica al Cantautor de San Juan, Dr. Pablo Maldonado, quien dej\u00f3 mostrar la pasi\u00f3n de lo que combina entre las pasiones de su vida cotidiana en la provincia de San Juan, Rep\u00fablica Argentina.<\/p>\n<p>&nbsp;<\/p>\n<p><iframe loading=\"lazy\" title=\"SAN JUAN CANTAUTOR DR PABLO MALDONADO\" width=\"800\" height=\"450\" src=\"https:\/\/www.youtube.com\/embed\/GELPyudj57w?feature=oembed\" frameborder=\"0\" allow=\"accelerometer; autoplay; clipboard-write; encrypted-media; gyroscope; picture-in-picture; web-share\" referrerpolicy=\"strict-origin-when-cross-origin\" allowfullscreen><\/iframe><\/p>\n<p>&nbsp;<\/p>\n<p>Rodado en New York, Estados Unidos, se eligieron para las escenas los alrededores del Juilliard School- Lincoln Center en Agosto\/Setiembre de 2025, con sus avenidas, paseos y metro. Est\u00e1 de estreno el Videoclip del single INDELEBLE y en \u00e9l participa con su danza la bailarina internacional Nadia Chesini y\u00a0la edici\u00f3n Gabriela Raffo.<\/p>\n<p><iframe loading=\"lazy\" title=\"NEW YORK BAILARINA NADIA CHESINI\" width=\"563\" height=\"1000\" src=\"https:\/\/www.youtube.com\/embed\/IrElyewpLAU?feature=oembed\" frameborder=\"0\" allow=\"accelerometer; autoplay; clipboard-write; encrypted-media; gyroscope; picture-in-picture; web-share\" referrerpolicy=\"strict-origin-when-cross-origin\" allowfullscreen><\/iframe><\/p>\n<p>&nbsp;<\/p>\n<p><span style=\"color: #ff6600;\"><strong>Video Oficial del Videoclip del single INDELEBLE<\/strong><\/span><\/p>\n<p><iframe loading=\"lazy\" title=\"INDELEBLE (video oficial)\" width=\"800\" height=\"450\" src=\"https:\/\/www.youtube.com\/embed\/psSai-snzYM?feature=oembed\" frameborder=\"0\" allow=\"accelerometer; autoplay; clipboard-write; encrypted-media; gyroscope; picture-in-picture; web-share\" referrerpolicy=\"strict-origin-when-cross-origin\" allowfullscreen><\/iframe><\/p>\n<p>&nbsp;<\/p>\n<p><span style=\"color: #ff6600;\"><strong>El single, versi\u00f3n solo audio, Indeleble se encuentra disponible en las plataformas:<\/strong><\/span><\/p>\n<p><iframe loading=\"lazy\" title=\"INDELEBLE\" width=\"800\" height=\"600\" src=\"https:\/\/www.youtube.com\/embed\/H6lh1pjKAGM?feature=oembed\" frameborder=\"0\" allow=\"accelerometer; autoplay; clipboard-write; encrypted-media; gyroscope; picture-in-picture; web-share\" referrerpolicy=\"strict-origin-when-cross-origin\" allowfullscreen><\/iframe><\/p>\n<p>&nbsp;<\/p>\n<figure id=\"attachment_96999\" aria-describedby=\"caption-attachment-96999\" style=\"width: 600px\" class=\"wp-caption aligncenter\"><img loading=\"lazy\" decoding=\"async\" class=\"size-large wp-image-96999\" src=\"https:\/\/vocesparalelas.com.ar\/sitio\/wp-content\/uploads\/2026\/02\/PABLO-MALDONADO-02-600x800.jpg\" alt=\"\" width=\"600\" height=\"800\" srcset=\"https:\/\/vocesparalelas.com.ar\/sitio\/wp-content\/uploads\/2026\/02\/PABLO-MALDONADO-02-600x800.jpg 600w, https:\/\/vocesparalelas.com.ar\/sitio\/wp-content\/uploads\/2026\/02\/PABLO-MALDONADO-02-225x300.jpg 225w, https:\/\/vocesparalelas.com.ar\/sitio\/wp-content\/uploads\/2026\/02\/PABLO-MALDONADO-02.jpg 768w\" sizes=\"auto, (max-width: 600px) 100vw, 600px\" \/><figcaption id=\"caption-attachment-96999\" class=\"wp-caption-text\">Cantautor de San Juan Dr. Pablo Maldonado<\/figcaption><\/figure>\n<p><a href=\"https:\/\/spotify.link\/9eKlccO5tXb\">https:\/\/spotify.link\/9eKlccO5tXb<\/a><\/p>\n<p>&nbsp;<\/p>\n<p>Fue grabado en Argentina por Nahuel Pringles (las guitarras) y voz, mezcla y edici\u00f3n, estuvo a cargo de Rodrigo Collado Bonsai Estudios. El arte de Tapa es de Belen Ramet.<\/p>\n<p>Postulada para los premios Gardel 2026<\/p>\n<p>&nbsp;<\/p>\n<p>&nbsp;<\/p>\n","protected":false},"excerpt":{"rendered":"<p>El Cantautor de San Juan, Dr. Pablo Maldonado presenta el Videoclip del single INDELEBLE, un sue\u00f1o real que cumpli\u00f3. Su<\/p>\n","protected":false},"author":3,"featured_media":96998,"comment_status":"closed","ping_status":"closed","sticky":false,"template":"","format":"standard","meta":{"_acf_changed":false,"_seopress_robots_primary_cat":"none","_seopress_titles_title":"","_seopress_titles_desc":"","_seopress_robots_index":"","colormag_page_container_layout":"default_layout","colormag_page_sidebar_layout":"default_layout","footnotes":""},"categories":[5,7],"tags":[],"class_list":["post-96994","post","type-post","status-publish","format-standard","has-post-thumbnail","hentry","category-ofrecimientos","category-videos"],"acf":[],"_links":{"self":[{"href":"https:\/\/vocesparalelas.com.ar\/sitio\/wp-json\/wp\/v2\/posts\/96994","targetHints":{"allow":["GET"]}}],"collection":[{"href":"https:\/\/vocesparalelas.com.ar\/sitio\/wp-json\/wp\/v2\/posts"}],"about":[{"href":"https:\/\/vocesparalelas.com.ar\/sitio\/wp-json\/wp\/v2\/types\/post"}],"author":[{"embeddable":true,"href":"https:\/\/vocesparalelas.com.ar\/sitio\/wp-json\/wp\/v2\/users\/3"}],"replies":[{"embeddable":true,"href":"https:\/\/vocesparalelas.com.ar\/sitio\/wp-json\/wp\/v2\/comments?post=96994"}],"version-history":[{"count":1,"href":"https:\/\/vocesparalelas.com.ar\/sitio\/wp-json\/wp\/v2\/posts\/96994\/revisions"}],"predecessor-version":[{"id":97001,"href":"https:\/\/vocesparalelas.com.ar\/sitio\/wp-json\/wp\/v2\/posts\/96994\/revisions\/97001"}],"wp:featuredmedia":[{"embeddable":true,"href":"https:\/\/vocesparalelas.com.ar\/sitio\/wp-json\/wp\/v2\/media\/96998"}],"wp:attachment":[{"href":"https:\/\/vocesparalelas.com.ar\/sitio\/wp-json\/wp\/v2\/media?parent=96994"}],"wp:term":[{"taxonomy":"category","embeddable":true,"href":"https:\/\/vocesparalelas.com.ar\/sitio\/wp-json\/wp\/v2\/categories?post=96994"},{"taxonomy":"post_tag","embeddable":true,"href":"https:\/\/vocesparalelas.com.ar\/sitio\/wp-json\/wp\/v2\/tags?post=96994"}],"curies":[{"name":"wp","href":"https:\/\/api.w.org\/{rel}","templated":true}]}}